{"id":3512,"date":"2025-10-16T10:49:53","date_gmt":"2025-10-16T08:49:53","guid":{"rendered":"https:\/\/cocinasmarins.com\/?p=3512"},"modified":"2025-10-27T13:47:53","modified_gmt":"2025-10-27T12:47:53","slug":"cocinas-abiertas-con-mesa-integrada-estetica-y-practicidad-en-equilibrio","status":"publish","type":"post","link":"https:\/\/cocinasmarins.com\/en\/cocinas-abiertas-con-mesa-integrada-estetica-y-practicidad-en-equilibrio\/","title":{"rendered":"Cocinas abiertas con mesa integrada: dise\u00f1o y funcionalidad"},"content":{"rendered":"<div data-elementor-type=\"wp-post\" data-elementor-id=\"3512\" class=\"elementor elementor-3512\">\n\t\t\t\t<div class=\"elementor-element elementor-element-12cdbdca e-flex e-con-boxed e-con e-parent\" data-id=\"12cdbdca\" data-element_type=\"container\" data-e-type=\"container\">\n\t\t\t\t\t<div class=\"e-con-inner\">\n\t\t\t\t<div class=\"elementor-element elementor-element-1aef5548 elementor-widget__width-initial elementor-widget elementor-widget-heading\" data-id=\"1aef5548\" data-element_type=\"widget\" data-e-type=\"widget\" data-widget_type=\"heading.default\">\n\t\t\t\t<div class=\"elementor-widget-container\">\n\t\t\t\t\t<h1 class=\"elementor-heading-title elementor-size-default\">Cocinas abiertas con mesa integrada: dise\u00f1o y funcionalidad<\/h1>\t\t\t\t<\/div>\n\t\t\t\t<\/div>\n\t\t\t\t\t<\/div>\n\t\t\t\t<\/div>\n\t\t<div class=\"elementor-element elementor-element-55ccaed0 e-flex e-con-boxed e-con e-parent\" data-id=\"55ccaed0\" data-element_type=\"container\" data-e-type=\"container\">\n\t\t\t\t\t<div class=\"e-con-inner\">\n\t\t\t\t<div class=\"elementor-element elementor-element-5bc43d41 elementor-widget__width-initial elementor-widget elementor-widget-text-editor\" data-id=\"5bc43d41\" data-element_type=\"widget\" data-e-type=\"widget\" data-widget_type=\"text-editor.default\">\n\t\t\t\t<div class=\"elementor-widget-container\">\n\t\t\t\t\t\t\t\t\t<p><span class=\"a_GcMg font-feature-liga-off font-feature-clig-off font-feature-calt-off text-decoration-none text-strikethrough-none\"><strong>Las cocinas abiertas se consolidan como una tendencia<\/strong> que apuesta por la conexi\u00f3n y la amplitud visual. La fusi\u00f3n entre la zona de trabajo y el comedor o el sal\u00f3n permite crear <strong>ambientes m\u00e1s luminosos<\/strong>, fluidos y habitables. En este proyecto, la mesa integrada cobra protagonismo: Une ambos espacios con naturalidad y aporta una funcionalidad vers\u00e1til que se adapta a los espacios compactos y a cada momento del d\u00eda.<\/span><\/p>\t\t\t\t\t\t\t\t<\/div>\n\t\t\t\t<\/div>\n\t\t\t\t<div class=\"elementor-element elementor-element-78dd7a4e elementor-widget elementor-widget-image\" data-id=\"78dd7a4e\" data-element_type=\"widget\" data-e-type=\"widget\" data-widget_type=\"image.default\">\n\t\t\t\t<div class=\"elementor-widget-container\">\n\t\t\t\t\t\t\t\t\t\t\t\t\t\t\t<img fetchpriority=\"high\" decoding=\"async\" width=\"1080\" height=\"675\" src=\"https:\/\/cocinasmarins.com\/wp-content\/uploads\/2025\/10\/Imagen-web-1080-x-675-2.png\" class=\"attachment-1536x1536 size-1536x1536 wp-image-3570\" alt=\"\" srcset=\"https:\/\/cocinasmarins.com\/wp-content\/uploads\/2025\/10\/Imagen-web-1080-x-675-2.png 1080w, https:\/\/cocinasmarins.com\/wp-content\/uploads\/2025\/10\/Imagen-web-1080-x-675-2-300x188.png 300w, https:\/\/cocinasmarins.com\/wp-content\/uploads\/2025\/10\/Imagen-web-1080-x-675-2-1024x640.png 1024w, https:\/\/cocinasmarins.com\/wp-content\/uploads\/2025\/10\/Imagen-web-1080-x-675-2-768x480.png 768w, https:\/\/cocinasmarins.com\/wp-content\/uploads\/2025\/10\/Imagen-web-1080-x-675-2-18x12.png 18w\" sizes=\"(max-width: 1080px) 100vw, 1080px\" \/>\t\t\t\t\t\t\t\t\t\t\t\t\t\t\t<\/div>\n\t\t\t\t<\/div>\n\t\t\t\t\t<\/div>\n\t\t\t\t<\/div>\n\t\t<div class=\"elementor-element elementor-element-41a09f98 e-flex e-con-boxed e-con e-parent\" data-id=\"41a09f98\" data-element_type=\"container\" data-e-type=\"container\">\n\t\t\t\t\t<div class=\"e-con-inner\">\n\t\t\t\t<div class=\"elementor-element elementor-element-48f7af1c elementor-widget__width-initial elementor-widget elementor-widget-text-editor\" data-id=\"48f7af1c\" data-element_type=\"widget\" data-e-type=\"widget\" data-widget_type=\"text-editor.default\">\n\t\t\t\t<div class=\"elementor-widget-container\">\n\t\t\t\t\t\t\t\t\t<p class=\"cvGsUA direction-ltr align-start para-style-body\"><span class=\"a_GcMg font-feature-liga-off font-feature-clig-off font-feature-calt-off text-decoration-none text-strikethrough-none\">Los <strong>colores neutros<\/strong> aportan una sensaci\u00f3n de amplitud y luminosidad. Son ideales para quienes buscan un estilo moderno y atemporal, adem\u00e1s de ser un lienzo perfecto para resaltar otros elementos de la cocina.<\/span><\/p><p class=\"cvGsUA direction-ltr align-start para-style-body\"><span class=\"a_GcMg font-feature-liga-off font-feature-clig-off font-feature-calt-off text-decoration-none text-strikethrough-none\">En los espacios abiertos, los tonos neutros permiten una <strong>integraci\u00f3n natural<\/strong> con el resto del mobiliario del hogar, logrando una continuidad visual que unifica cocina, comedor y sal\u00f3n en un mismo lenguaje est\u00e9tico.<\/span><\/p>\t\t\t\t\t\t\t\t<\/div>\n\t\t\t\t<\/div>\n\t\t\t\t<div class=\"elementor-element elementor-element-36305917 elementor-widget elementor-widget-image\" data-id=\"36305917\" data-element_type=\"widget\" data-e-type=\"widget\" data-widget_type=\"image.default\">\n\t\t\t\t<div class=\"elementor-widget-container\">\n\t\t\t\t\t\t\t\t\t\t\t\t\t\t\t<img decoding=\"async\" width=\"768\" height=\"480\" data-src=\"https:\/\/cocinasmarins.com\/wp-content\/uploads\/2025\/10\/Imagen-web-1080-x-675-1-768x480.png\" class=\"attachment-medium_large size-medium_large wp-image-3547 lazyload\" alt=\"Cocina abierta con zona de comedor y tonos neutros\" data-srcset=\"https:\/\/cocinasmarins.com\/wp-content\/uploads\/2025\/10\/Imagen-web-1080-x-675-1-768x480.png 768w, https:\/\/cocinasmarins.com\/wp-content\/uploads\/2025\/10\/Imagen-web-1080-x-675-1-300x188.png 300w, https:\/\/cocinasmarins.com\/wp-content\/uploads\/2025\/10\/Imagen-web-1080-x-675-1-1024x640.png 1024w, https:\/\/cocinasmarins.com\/wp-content\/uploads\/2025\/10\/Imagen-web-1080-x-675-1-18x12.png 18w, https:\/\/cocinasmarins.com\/wp-content\/uploads\/2025\/10\/Imagen-web-1080-x-675-1.png 1080w\" data-sizes=\"(max-width: 768px) 100vw, 768px\" src=\"data:image\/gif;base64,R0lGODlhAQABAAAAACH5BAEKAAEALAAAAAABAAEAAAICTAEAOw==\" style=\"--smush-placeholder-width: 768px; --smush-placeholder-aspect-ratio: 768\/480;\" \/><noscript><img decoding=\"async\" width=\"768\" height=\"480\" src=\"https:\/\/cocinasmarins.com\/wp-content\/uploads\/2025\/10\/Imagen-web-1080-x-675-1-768x480.png\" class=\"attachment-medium_large size-medium_large wp-image-3547\" alt=\"Cocina abierta con zona de comedor y tonos neutros\" srcset=\"https:\/\/cocinasmarins.com\/wp-content\/uploads\/2025\/10\/Imagen-web-1080-x-675-1-768x480.png 768w, https:\/\/cocinasmarins.com\/wp-content\/uploads\/2025\/10\/Imagen-web-1080-x-675-1-300x188.png 300w, https:\/\/cocinasmarins.com\/wp-content\/uploads\/2025\/10\/Imagen-web-1080-x-675-1-1024x640.png 1024w, https:\/\/cocinasmarins.com\/wp-content\/uploads\/2025\/10\/Imagen-web-1080-x-675-1-18x12.png 18w, https:\/\/cocinasmarins.com\/wp-content\/uploads\/2025\/10\/Imagen-web-1080-x-675-1.png 1080w\" sizes=\"(max-width: 768px) 100vw, 768px\" \/><\/noscript>\t\t\t\t\t\t\t\t\t\t\t\t\t\t\t<\/div>\n\t\t\t\t<\/div>\n\t\t\t\t<div class=\"elementor-element elementor-element-3e8ee428 elementor-widget__width-initial elementor-widget elementor-widget-heading\" data-id=\"3e8ee428\" data-element_type=\"widget\" data-e-type=\"widget\" data-widget_type=\"heading.default\">\n\t\t\t\t<div class=\"elementor-widget-container\">\n\t\t\t\t\t<h2 class=\"elementor-heading-title elementor-size-default\">Detalles que marcan la diferencia: cocinas abiertas con mesa integrada<\/h2>\t\t\t\t<\/div>\n\t\t\t\t<\/div>\n\t\t\t\t<div class=\"elementor-element elementor-element-5e4120ed elementor-widget__width-initial elementor-widget elementor-widget-text-editor\" data-id=\"5e4120ed\" data-element_type=\"widget\" data-e-type=\"widget\" data-widget_type=\"text-editor.default\">\n\t\t\t\t<div class=\"elementor-widget-container\">\n\t\t\t\t\t\t\t\t\t<p class=\"cvGsUA direction-ltr align-start para-style-body\"><span class=\"a_GcMg font-feature-liga-off font-feature-clig-off font-feature-calt-off text-decoration-none text-strikethrough-none\">Uno de los elementos m\u00e1s destacados de esta cocina es su <strong>mesa de comedor integrada<\/strong>, una pieza pensada para optimizar el espacio sin sacrificar estilo. Su dise\u00f1o permite mantener la zona despejada en el d\u00eda a d\u00eda y, al extenderla, se transforma en el punto de encuentro perfecto para disfrutar con familiares o amigos.<\/span><\/p><p class=\"cvGsUA direction-ltr align-start para-style-body\"><span class=\"a_GcMg font-feature-liga-off font-feature-clig-off font-feature-calt-off text-decoration-none text-strikethrough-none\">Su construcci\u00f3n robusta y su <strong>sistema de extensi\u00f3n sencillo<\/strong> permiten un uso diario c\u00f3modo y funcional, convirti\u00e9ndola en un aliado indispensable para quienes buscan aprovechar al m\u00e1ximo cada metro cuadrado.<\/span><\/p>\t\t\t\t\t\t\t\t<\/div>\n\t\t\t\t<\/div>\n\t\t\t\t<div class=\"elementor-element elementor-element-245e3a60 elementor-widget elementor-widget-image\" data-id=\"245e3a60\" data-element_type=\"widget\" data-e-type=\"widget\" data-widget_type=\"image.default\">\n\t\t\t\t<div class=\"elementor-widget-container\">\n\t\t\t\t\t\t\t\t\t\t\t\t\t\t\t<img decoding=\"async\" width=\"768\" height=\"512\" data-src=\"https:\/\/cocinasmarins.com\/wp-content\/uploads\/2025\/10\/DSC06775-ED-768x512.jpeg\" class=\"attachment-medium_large size-medium_large wp-image-3543 lazyload\" alt=\"Dise\u00f1o de cocina abierta con mesa extensible\" data-srcset=\"https:\/\/cocinasmarins.com\/wp-content\/uploads\/2025\/10\/DSC06775-ED-768x512.jpeg 768w, https:\/\/cocinasmarins.com\/wp-content\/uploads\/2025\/10\/DSC06775-ED-300x200.jpeg 300w, https:\/\/cocinasmarins.com\/wp-content\/uploads\/2025\/10\/DSC06775-ED-1024x683.jpeg 1024w, https:\/\/cocinasmarins.com\/wp-content\/uploads\/2025\/10\/DSC06775-ED-18x12.jpeg 18w, https:\/\/cocinasmarins.com\/wp-content\/uploads\/2025\/10\/DSC06775-ED.jpeg 1248w\" data-sizes=\"(max-width: 768px) 100vw, 768px\" src=\"data:image\/gif;base64,R0lGODlhAQABAAAAACH5BAEKAAEALAAAAAABAAEAAAICTAEAOw==\" style=\"--smush-placeholder-width: 768px; --smush-placeholder-aspect-ratio: 768\/512;\" \/><noscript><img decoding=\"async\" width=\"768\" height=\"512\" src=\"https:\/\/cocinasmarins.com\/wp-content\/uploads\/2025\/10\/DSC06775-ED-768x512.jpeg\" class=\"attachment-medium_large size-medium_large wp-image-3543\" alt=\"Dise\u00f1o de cocina abierta con mesa extensible\" srcset=\"https:\/\/cocinasmarins.com\/wp-content\/uploads\/2025\/10\/DSC06775-ED-768x512.jpeg 768w, https:\/\/cocinasmarins.com\/wp-content\/uploads\/2025\/10\/DSC06775-ED-300x200.jpeg 300w, https:\/\/cocinasmarins.com\/wp-content\/uploads\/2025\/10\/DSC06775-ED-1024x683.jpeg 1024w, https:\/\/cocinasmarins.com\/wp-content\/uploads\/2025\/10\/DSC06775-ED-18x12.jpeg 18w, https:\/\/cocinasmarins.com\/wp-content\/uploads\/2025\/10\/DSC06775-ED.jpeg 1248w\" sizes=\"(max-width: 768px) 100vw, 768px\" \/><\/noscript>\t\t\t\t\t\t\t\t\t\t\t\t\t\t\t<\/div>\n\t\t\t\t<\/div>\n\t\t\t\t<div class=\"elementor-element elementor-element-1eb289e3 elementor-widget__width-initial elementor-widget elementor-widget-text-editor\" data-id=\"1eb289e3\" data-element_type=\"widget\" data-e-type=\"widget\" data-widget_type=\"text-editor.default\">\n\t\t\t\t<div class=\"elementor-widget-container\">\n\t\t\t\t\t\t\t\t\t<p><span class=\"a_GcMg font-feature-liga-off font-feature-clig-off font-feature-calt-off text-decoration-none text-strikethrough-none\">En conjunto, esta cocina demuestra c\u00f3mo el dise\u00f1o puede transformar los espacios reducidos en lugares llenos de armon\u00eda y personalidad. La combinaci\u00f3n del blanco con el color madera crea un equilibrio visual que ampl\u00eda, conecta y aporta calidez. Cada elemento \u2014desde los muebles hasta la mesa integrada\u2014 responde a una misma filosof\u00eda: <strong>aprovechar cada metro con elegancia y funcionalidad<\/strong>, haciendo de la cocina un espacio que se disfruta tanto por su est\u00e9tica como por su manera de adaptarse a la vida cotidiana.<\/span><\/p>\t\t\t\t\t\t\t\t<\/div>\n\t\t\t\t<\/div>\n\t\t\t\t<div class=\"elementor-element elementor-element-20a2d2ce elementor-widget elementor-widget-text-editor\" data-id=\"20a2d2ce\" data-element_type=\"widget\" data-e-type=\"widget\" data-widget_type=\"text-editor.default\">\n\t\t\t\t<div class=\"elementor-widget-container\">\n\t\t\t\t\t\t\t\t\t<p><strong><span class=\"a_GcMg font-feature-liga-off font-feature-clig-off font-feature-calt-off text-decoration-none text-strikethrough-none\">\u00a1Insp\u00edrate en este dise\u00f1o y da el primer paso hacia la cocina que siempre has so\u00f1ado!<\/span><\/strong><\/p>\t\t\t\t\t\t\t\t<\/div>\n\t\t\t\t<\/div>\n\t\t\t\t<div class=\"elementor-element elementor-element-5c5cd060 elementor-widget elementor-widget-button\" data-id=\"5c5cd060\" data-element_type=\"widget\" data-e-type=\"widget\" data-widget_type=\"button.default\">\n\t\t\t\t<div class=\"elementor-widget-container\">\n\t\t\t\t\t\t\t\t\t<div class=\"elementor-button-wrapper\">\n\t\t\t\t\t<a class=\"elementor-button elementor-button-link elementor-size-sm\" href=\"https:\/\/cocinasmarins.com\/en\/contacto\/\">\n\t\t\t\t\t\t<span class=\"elementor-button-content-wrapper\">\n\t\t\t\t\t\t\t\t\t<span class=\"elementor-button-text\">CONTACTAR<\/span>\n\t\t\t\t\t<\/span>\n\t\t\t\t\t<\/a>\n\t\t\t\t<\/div>\n\t\t\t\t\t\t\t\t<\/div>\n\t\t\t\t<\/div>\n\t\t\t\t\t<\/div>\n\t\t\t\t<\/div>\n\t\t<div class=\"elementor-element elementor-element-2de9f42a e-con-full e-flex e-con e-child\" data-id=\"2de9f42a\" data-element_type=\"container\" data-e-type=\"container\" data-settings=\"{&quot;background_background&quot;:&quot;classic&quot;}\">\n\t\t\t\t<div class=\"elementor-element elementor-element-72bec467 elementor-widget__width-initial elementor-widget elementor-widget-heading\" data-id=\"72bec467\" data-element_type=\"widget\" data-e-type=\"widget\" data-widget_type=\"heading.default\">\n\t\t\t\t<div class=\"elementor-widget-container\">\n\t\t\t\t\t<span class=\"elementor-heading-title elementor-size-default\">\u00bfListo para tu cocina ideal? <\/span>\t\t\t\t<\/div>\n\t\t\t\t<\/div>\n\t\t\t\t<div class=\"elementor-element elementor-element-39e206a6 elementor-widget elementor-widget-heading\" data-id=\"39e206a6\" data-element_type=\"widget\" data-e-type=\"widget\" data-widget_type=\"heading.default\">\n\t\t\t\t<div class=\"elementor-widget-container\">\n\t\t\t\t\t<h3 class=\"elementor-heading-title elementor-size-default\">\u00a1No esperes m\u00e1s, y cont\u00e1ctanos hoy mismo!<\/h3>\t\t\t\t<\/div>\n\t\t\t\t<\/div>\n\t\t\t\t<div class=\"elementor-element elementor-element-3ea6792e elementor-widget__width-initial elementor-widget elementor-widget-heading\" data-id=\"3ea6792e\" data-element_type=\"widget\" data-e-type=\"widget\" data-widget_type=\"heading.default\">\n\t\t\t\t<div class=\"elementor-widget-container\">\n\t\t\t\t\t<h4 class=\"elementor-heading-title elementor-size-default\">Si est\u00e1s inspirado por estas ideas y deseas transformar tu cocina en un espacio moderno y funcional, no dudes en contactarnos.<\/h4>\t\t\t\t<\/div>\n\t\t\t\t<\/div>\n\t\t\t\t<div class=\"elementor-element elementor-element-fb8e355 elementor-widget__width-initial elementor-widget elementor-widget-heading\" data-id=\"fb8e355\" data-element_type=\"widget\" data-e-type=\"widget\" data-widget_type=\"heading.default\">\n\t\t\t\t<div class=\"elementor-widget-container\">\n\t\t\t\t\t<h4 class=\"elementor-heading-title elementor-size-default\">Podemos ayudarte a crear la cocina de tus sue\u00f1os, adaptada a tus necesidades y preferencias.<\/h4>\t\t\t\t<\/div>\n\t\t\t\t<\/div>\n\t\t\t\t<div class=\"elementor-element elementor-element-35ed4f58 elementor-arrows-position-outside elementor-invisible elementor-widget elementor-widget-image-carousel\" data-id=\"35ed4f58\" data-element_type=\"widget\" data-e-type=\"widget\" data-settings=\"{&quot;slides_to_show&quot;:&quot;3&quot;,&quot;slides_to_scroll&quot;:&quot;1&quot;,&quot;navigation&quot;:&quot;arrows&quot;,&quot;_animation&quot;:&quot;fadeInUp&quot;,&quot;_animation_delay&quot;:400,&quot;autoplay&quot;:&quot;yes&quot;,&quot;pause_on_hover&quot;:&quot;yes&quot;,&quot;pause_on_interaction&quot;:&quot;yes&quot;,&quot;autoplay_speed&quot;:5000,&quot;infinite&quot;:&quot;yes&quot;,&quot;speed&quot;:500,&quot;image_spacing_custom&quot;:{&quot;unit&quot;:&quot;px&quot;,&quot;size&quot;:20,&quot;sizes&quot;:[]},&quot;image_spacing_custom_tablet&quot;:{&quot;unit&quot;:&quot;px&quot;,&quot;size&quot;:&quot;&quot;,&quot;sizes&quot;:[]},&quot;image_spacing_custom_mobile&quot;:{&quot;unit&quot;:&quot;px&quot;,&quot;size&quot;:&quot;&quot;,&quot;sizes&quot;:[]}}\" data-widget_type=\"image-carousel.default\">\n\t\t\t\t<div class=\"elementor-widget-container\">\n\t\t\t\t\t\t\t<div class=\"elementor-image-carousel-wrapper swiper\" role=\"region\" aria-roledescription=\"carousel\" aria-label=\"Carrusel de im\u00e1genes\" dir=\"ltr\">\n\t\t\t<div class=\"elementor-image-carousel swiper-wrapper swiper-image-stretch\" aria-live=\"off\">\n\t\t\t\t\t\t\t\t<div class=\"swiper-slide\" role=\"group\" aria-roledescription=\"slide\" aria-label=\"1 de 18\"><figure class=\"swiper-slide-inner\"><img decoding=\"async\" class=\"swiper-slide-image lazyload\" data-src=\"https:\/\/cocinasmarins.com\/wp-content\/uploads\/elementor\/thumbs\/Cocina-en-antracita-y-nogal-rf82o6zqf5gafxyo91wwj9cgw5ugvo4x0pzjvbduow.jpg\" alt=\"Cocina-en-antracita-y-nogal\" src=\"data:image\/gif;base64,R0lGODlhAQABAAAAACH5BAEKAAEALAAAAAABAAEAAAICTAEAOw==\" style=\"--smush-placeholder-width: 400px; --smush-placeholder-aspect-ratio: 400\/400;\" \/><noscript><img decoding=\"async\" class=\"swiper-slide-image\" src=\"https:\/\/cocinasmarins.com\/wp-content\/uploads\/elementor\/thumbs\/Cocina-en-antracita-y-nogal-rf82o6zqf5gafxyo91wwj9cgw5ugvo4x0pzjvbduow.jpg\" alt=\"Cocina-en-antracita-y-nogal\" \/><\/noscript><\/figure><\/div><div class=\"swiper-slide\" role=\"group\" aria-roledescription=\"slide\" aria-label=\"2 de 18\"><figure class=\"swiper-slide-inner\"><img decoding=\"async\" class=\"swiper-slide-image lazyload\" data-src=\"https:\/\/cocinasmarins.com\/wp-content\/uploads\/elementor\/thumbs\/vitrina-de-nogal-madera-rf82o6zqf5gafxyo91wwj9cgw5ugvo4x0pzjvbduow.jpg\" alt=\"Vitrina de madera con luz led\" src=\"data:image\/gif;base64,R0lGODlhAQABAAAAACH5BAEKAAEALAAAAAABAAEAAAICTAEAOw==\" style=\"--smush-placeholder-width: 400px; --smush-placeholder-aspect-ratio: 400\/400;\" \/><noscript><img decoding=\"async\" class=\"swiper-slide-image\" src=\"https:\/\/cocinasmarins.com\/wp-content\/uploads\/elementor\/thumbs\/vitrina-de-nogal-madera-rf82o6zqf5gafxyo91wwj9cgw5ugvo4x0pzjvbduow.jpg\" alt=\"Vitrina de madera con luz led\" \/><\/noscript><\/figure><\/div><div class=\"swiper-slide\" role=\"group\" aria-roledescription=\"slide\" aria-label=\"3 de 18\"><figure class=\"swiper-slide-inner\"><img decoding=\"async\" class=\"swiper-slide-image lazyload\" data-src=\"https:\/\/cocinasmarins.com\/wp-content\/uploads\/elementor\/thumbs\/cocina-con-nogal-rf82o6zqf5gafxyo91wwj9cgw5ugvo4x0pzjvbduow.jpg\" alt=\"cocina-con-nogal\" src=\"data:image\/gif;base64,R0lGODlhAQABAAAAACH5BAEKAAEALAAAAAABAAEAAAICTAEAOw==\" style=\"--smush-placeholder-width: 400px; --smush-placeholder-aspect-ratio: 400\/400;\" \/><noscript><img decoding=\"async\" class=\"swiper-slide-image\" src=\"https:\/\/cocinasmarins.com\/wp-content\/uploads\/elementor\/thumbs\/cocina-con-nogal-rf82o6zqf5gafxyo91wwj9cgw5ugvo4x0pzjvbduow.jpg\" alt=\"cocina-con-nogal\" \/><\/noscript><\/figure><\/div><div class=\"swiper-slide\" role=\"group\" aria-roledescription=\"slide\" aria-label=\"4 de 18\"><figure class=\"swiper-slide-inner\"><img decoding=\"async\" class=\"swiper-slide-image lazyload\" data-src=\"https:\/\/cocinasmarins.com\/wp-content\/uploads\/elementor\/thumbs\/Cocina-lacada-blanca-con-desayunador-de-roble-rf82o6zqf5gafxyo91wwj9cgw5ugvo4x0pzjvbduow.jpg\" alt=\"Cocina-lacada-blanca-con-desayunador-de-roble\" src=\"data:image\/gif;base64,R0lGODlhAQABAAAAACH5BAEKAAEALAAAAAABAAEAAAICTAEAOw==\" style=\"--smush-placeholder-width: 400px; --smush-placeholder-aspect-ratio: 400\/400;\" \/><noscript><img decoding=\"async\" class=\"swiper-slide-image\" src=\"https:\/\/cocinasmarins.com\/wp-content\/uploads\/elementor\/thumbs\/Cocina-lacada-blanca-con-desayunador-de-roble-rf82o6zqf5gafxyo91wwj9cgw5ugvo4x0pzjvbduow.jpg\" alt=\"Cocina-lacada-blanca-con-desayunador-de-roble\" \/><\/noscript><\/figure><\/div><div class=\"swiper-slide\" role=\"group\" aria-roledescription=\"slide\" aria-label=\"5 de 18\"><figure class=\"swiper-slide-inner\"><img decoding=\"async\" class=\"swiper-slide-image lazyload\" data-src=\"https:\/\/cocinasmarins.com\/wp-content\/uploads\/elementor\/thumbs\/desayunador-de-roble-rf82o6zqf5gafxyo91wwj9cgw5ugvo4x0pzjvbduow.jpg\" alt=\"desayunador-de-roble\" src=\"data:image\/gif;base64,R0lGODlhAQABAAAAACH5BAEKAAEALAAAAAABAAEAAAICTAEAOw==\" style=\"--smush-placeholder-width: 400px; --smush-placeholder-aspect-ratio: 400\/400;\" \/><noscript><img decoding=\"async\" class=\"swiper-slide-image\" src=\"https:\/\/cocinasmarins.com\/wp-content\/uploads\/elementor\/thumbs\/desayunador-de-roble-rf82o6zqf5gafxyo91wwj9cgw5ugvo4x0pzjvbduow.jpg\" alt=\"desayunador-de-roble\" \/><\/noscript><\/figure><\/div><div class=\"swiper-slide\" role=\"group\" aria-roledescription=\"slide\" aria-label=\"6 de 18\"><figure class=\"swiper-slide-inner\"><img decoding=\"async\" class=\"swiper-slide-image lazyload\" data-src=\"https:\/\/cocinasmarins.com\/wp-content\/uploads\/elementor\/thumbs\/vitrina-de-madera-cocina-rf82o6zqf5gafxyo91wwj9cgw5ugvo4x0pzjvbduow.jpg\" alt=\"vitrina iluminada con luz led\" src=\"data:image\/gif;base64,R0lGODlhAQABAAAAACH5BAEKAAEALAAAAAABAAEAAAICTAEAOw==\" style=\"--smush-placeholder-width: 400px; --smush-placeholder-aspect-ratio: 400\/400;\" \/><noscript><img decoding=\"async\" class=\"swiper-slide-image\" src=\"https:\/\/cocinasmarins.com\/wp-content\/uploads\/elementor\/thumbs\/vitrina-de-madera-cocina-rf82o6zqf5gafxyo91wwj9cgw5ugvo4x0pzjvbduow.jpg\" alt=\"vitrina iluminada con luz led\" \/><\/noscript><\/figure><\/div><div class=\"swiper-slide\" role=\"group\" aria-roledescription=\"slide\" aria-label=\"7 de 18\"><figure class=\"swiper-slide-inner\"><img decoding=\"async\" class=\"swiper-slide-image lazyload\" data-src=\"https:\/\/cocinasmarins.com\/wp-content\/uploads\/elementor\/thumbs\/cocina-con-tiradores-de-barra-y-encimera-de-marmol-rf82o6zqf5gafxyo91wwj9cgw5ugvo4x0pzjvbduow.jpg\" alt=\"cocina-con-tiradores-de-barra-y-encimera-de-m\u00e1rmol\" src=\"data:image\/gif;base64,R0lGODlhAQABAAAAACH5BAEKAAEALAAAAAABAAEAAAICTAEAOw==\" style=\"--smush-placeholder-width: 400px; --smush-placeholder-aspect-ratio: 400\/400;\" \/><noscript><img decoding=\"async\" class=\"swiper-slide-image\" src=\"https:\/\/cocinasmarins.com\/wp-content\/uploads\/elementor\/thumbs\/cocina-con-tiradores-de-barra-y-encimera-de-marmol-rf82o6zqf5gafxyo91wwj9cgw5ugvo4x0pzjvbduow.jpg\" alt=\"cocina-con-tiradores-de-barra-y-encimera-de-m\u00e1rmol\" \/><\/noscript><\/figure><\/div><div class=\"swiper-slide\" role=\"group\" aria-roledescription=\"slide\" aria-label=\"8 de 18\"><figure class=\"swiper-slide-inner\"><img decoding=\"async\" class=\"swiper-slide-image lazyload\" data-src=\"https:\/\/cocinasmarins.com\/wp-content\/uploads\/elementor\/thumbs\/Cocina-moderna-a-medida-con-isla-de-marmol-rf82o6zqf5gafxyo91wwj9cgw5ugvo4x0pzjvbduow.jpg\" alt=\"Cocina-moderna-a-medida-con-isla-de-m\u00e1rmol\" src=\"data:image\/gif;base64,R0lGODlhAQABAAAAACH5BAEKAAEALAAAAAABAAEAAAICTAEAOw==\" style=\"--smush-placeholder-width: 400px; --smush-placeholder-aspect-ratio: 400\/400;\" \/><noscript><img decoding=\"async\" class=\"swiper-slide-image\" src=\"https:\/\/cocinasmarins.com\/wp-content\/uploads\/elementor\/thumbs\/Cocina-moderna-a-medida-con-isla-de-marmol-rf82o6zqf5gafxyo91wwj9cgw5ugvo4x0pzjvbduow.jpg\" alt=\"Cocina-moderna-a-medida-con-isla-de-m\u00e1rmol\" \/><\/noscript><\/figure><\/div><div class=\"swiper-slide\" role=\"group\" aria-roledescription=\"slide\" aria-label=\"9 de 18\"><figure class=\"swiper-slide-inner\"><img decoding=\"async\" class=\"swiper-slide-image lazyload\" data-src=\"https:\/\/cocinasmarins.com\/wp-content\/uploads\/elementor\/thumbs\/cocina-moderna-rf82o6zqf5gafxyo91wwj9cgw5ugvo4x0pzjvbduow.jpg\" alt=\"cocina-moderna\" src=\"data:image\/gif;base64,R0lGODlhAQABAAAAACH5BAEKAAEALAAAAAABAAEAAAICTAEAOw==\" style=\"--smush-placeholder-width: 400px; --smush-placeholder-aspect-ratio: 400\/400;\" \/><noscript><img decoding=\"async\" class=\"swiper-slide-image\" src=\"https:\/\/cocinasmarins.com\/wp-content\/uploads\/elementor\/thumbs\/cocina-moderna-rf82o6zqf5gafxyo91wwj9cgw5ugvo4x0pzjvbduow.jpg\" alt=\"cocina-moderna\" \/><\/noscript><\/figure><\/div><div class=\"swiper-slide\" role=\"group\" aria-roledescription=\"slide\" aria-label=\"10 de 18\"><figure class=\"swiper-slide-inner\"><img decoding=\"async\" class=\"swiper-slide-image lazyload\" data-src=\"https:\/\/cocinasmarins.com\/wp-content\/uploads\/elementor\/thumbs\/cocina-verde-con-isla-de-marmol-rf82o6zqf5gafxyo91wwj9cgw5ugvo4x0pzjvbduow.jpg\" alt=\"cocina-verde-con-isla-de-marmol\" src=\"data:image\/gif;base64,R0lGODlhAQABAAAAACH5BAEKAAEALAAAAAABAAEAAAICTAEAOw==\" style=\"--smush-placeholder-width: 400px; --smush-placeholder-aspect-ratio: 400\/400;\" \/><noscript><img decoding=\"async\" class=\"swiper-slide-image\" src=\"https:\/\/cocinasmarins.com\/wp-content\/uploads\/elementor\/thumbs\/cocina-verde-con-isla-de-marmol-rf82o6zqf5gafxyo91wwj9cgw5ugvo4x0pzjvbduow.jpg\" alt=\"cocina-verde-con-isla-de-marmol\" \/><\/noscript><\/figure><\/div><div class=\"swiper-slide\" role=\"group\" aria-roledescription=\"slide\" aria-label=\"11 de 18\"><figure class=\"swiper-slide-inner\"><img decoding=\"async\" class=\"swiper-slide-image lazyload\" data-src=\"https:\/\/cocinasmarins.com\/wp-content\/uploads\/elementor\/thumbs\/Cocina-abierta-a-medida-en-tonos-naturales-y-barra-central-rf82o6zqf5gafxyo91wwj9cgw5ugvo4x0pzjvbduow.jpg\" alt=\"Cocina-abierta-a-medida-en-tonos-naturales-y-barra-central\" src=\"data:image\/gif;base64,R0lGODlhAQABAAAAACH5BAEKAAEALAAAAAABAAEAAAICTAEAOw==\" style=\"--smush-placeholder-width: 400px; --smush-placeholder-aspect-ratio: 400\/400;\" \/><noscript><img decoding=\"async\" class=\"swiper-slide-image\" src=\"https:\/\/cocinasmarins.com\/wp-content\/uploads\/elementor\/thumbs\/Cocina-abierta-a-medida-en-tonos-naturales-y-barra-central-rf82o6zqf5gafxyo91wwj9cgw5ugvo4x0pzjvbduow.jpg\" alt=\"Cocina-abierta-a-medida-en-tonos-naturales-y-barra-central\" \/><\/noscript><\/figure><\/div><div class=\"swiper-slide\" role=\"group\" aria-roledescription=\"slide\" aria-label=\"12 de 18\"><figure class=\"swiper-slide-inner\"><img decoding=\"async\" class=\"swiper-slide-image lazyload\" data-src=\"https:\/\/cocinasmarins.com\/wp-content\/uploads\/elementor\/thumbs\/cocina-en-paralelo-rf82o6zqf5gafxyo91wwj9cgw5ugvo4x0pzjvbduow.jpg\" alt=\"cocina-en-paralelo\" src=\"data:image\/gif;base64,R0lGODlhAQABAAAAACH5BAEKAAEALAAAAAABAAEAAAICTAEAOw==\" style=\"--smush-placeholder-width: 400px; --smush-placeholder-aspect-ratio: 400\/400;\" \/><noscript><img decoding=\"async\" class=\"swiper-slide-image\" src=\"https:\/\/cocinasmarins.com\/wp-content\/uploads\/elementor\/thumbs\/cocina-en-paralelo-rf82o6zqf5gafxyo91wwj9cgw5ugvo4x0pzjvbduow.jpg\" alt=\"cocina-en-paralelo\" \/><\/noscript><\/figure><\/div><div class=\"swiper-slide\" role=\"group\" aria-roledescription=\"slide\" aria-label=\"13 de 18\"><figure class=\"swiper-slide-inner\"><img decoding=\"async\" class=\"swiper-slide-image lazyload\" data-src=\"https:\/\/cocinasmarins.com\/wp-content\/uploads\/elementor\/thumbs\/cocina-con-isla-rf82o6zqf5gafxyo91wwj9cgw5ugvo4x0pzjvbduow.jpg\" alt=\"cajon extraible blanco y negro\" src=\"data:image\/gif;base64,R0lGODlhAQABAAAAACH5BAEKAAEALAAAAAABAAEAAAICTAEAOw==\" style=\"--smush-placeholder-width: 400px; --smush-placeholder-aspect-ratio: 400\/400;\" \/><noscript><img decoding=\"async\" class=\"swiper-slide-image\" src=\"https:\/\/cocinasmarins.com\/wp-content\/uploads\/elementor\/thumbs\/cocina-con-isla-rf82o6zqf5gafxyo91wwj9cgw5ugvo4x0pzjvbduow.jpg\" alt=\"cajon extraible blanco y negro\" \/><\/noscript><\/figure><\/div><div class=\"swiper-slide\" role=\"group\" aria-roledescription=\"slide\" aria-label=\"14 de 18\"><figure class=\"swiper-slide-inner\"><img decoding=\"async\" class=\"swiper-slide-image lazyload\" data-src=\"https:\/\/cocinasmarins.com\/wp-content\/uploads\/elementor\/thumbs\/cocina-blanca-con-isla-rf82o6zqf5gafxyo91wwj9cgw5ugvo4x0pzjvbduow.jpg\" alt=\"cocina blanca con isla\" src=\"data:image\/gif;base64,R0lGODlhAQABAAAAACH5BAEKAAEALAAAAAABAAEAAAICTAEAOw==\" style=\"--smush-placeholder-width: 400px; --smush-placeholder-aspect-ratio: 400\/400;\" \/><noscript><img decoding=\"async\" class=\"swiper-slide-image\" src=\"https:\/\/cocinasmarins.com\/wp-content\/uploads\/elementor\/thumbs\/cocina-blanca-con-isla-rf82o6zqf5gafxyo91wwj9cgw5ugvo4x0pzjvbduow.jpg\" alt=\"cocina blanca con isla\" \/><\/noscript><\/figure><\/div><div class=\"swiper-slide\" role=\"group\" aria-roledescription=\"slide\" aria-label=\"15 de 18\"><figure class=\"swiper-slide-inner\"><img decoding=\"async\" class=\"swiper-slide-image lazyload\" data-src=\"https:\/\/cocinasmarins.com\/wp-content\/uploads\/elementor\/thumbs\/Cocina-con-isla-de-marmol-rf82o6zqf5gafxyo91wwj9cgw5ugvo4x0pzjvbduow.jpg\" alt=\": Cocina a medida con isla de m\u00e1rmol y dise\u00f1o minimalista\" src=\"data:image\/gif;base64,R0lGODlhAQABAAAAACH5BAEKAAEALAAAAAABAAEAAAICTAEAOw==\" style=\"--smush-placeholder-width: 400px; --smush-placeholder-aspect-ratio: 400\/400;\" \/><noscript><img decoding=\"async\" class=\"swiper-slide-image\" src=\"https:\/\/cocinasmarins.com\/wp-content\/uploads\/elementor\/thumbs\/Cocina-con-isla-de-marmol-rf82o6zqf5gafxyo91wwj9cgw5ugvo4x0pzjvbduow.jpg\" alt=\": Cocina a medida con isla de m\u00e1rmol y dise\u00f1o minimalista\" \/><\/noscript><\/figure><\/div><div class=\"swiper-slide\" role=\"group\" aria-roledescription=\"slide\" aria-label=\"16 de 18\"><figure class=\"swiper-slide-inner\"><img decoding=\"async\" class=\"swiper-slide-image lazyload\" data-src=\"https:\/\/cocinasmarins.com\/wp-content\/uploads\/elementor\/thumbs\/Cocina-elegante-y-funcional-en-tono-cashmere-rf82o6zqf5gafxyo91wwj9cgw5ugvo4x0pzjvbduow.jpg\" alt=\"Cocina-elegante-y-funcional-en-tono-cashmere\" src=\"data:image\/gif;base64,R0lGODlhAQABAAAAACH5BAEKAAEALAAAAAABAAEAAAICTAEAOw==\" style=\"--smush-placeholder-width: 400px; --smush-placeholder-aspect-ratio: 400\/400;\" \/><noscript><img decoding=\"async\" class=\"swiper-slide-image\" src=\"https:\/\/cocinasmarins.com\/wp-content\/uploads\/elementor\/thumbs\/Cocina-elegante-y-funcional-en-tono-cashmere-rf82o6zqf5gafxyo91wwj9cgw5ugvo4x0pzjvbduow.jpg\" alt=\"Cocina-elegante-y-funcional-en-tono-cashmere\" \/><\/noscript><\/figure><\/div><div class=\"swiper-slide\" role=\"group\" aria-roledescription=\"slide\" aria-label=\"17 de 18\"><figure class=\"swiper-slide-inner\"><img decoding=\"async\" class=\"swiper-slide-image lazyload\" data-src=\"https:\/\/cocinasmarins.com\/wp-content\/uploads\/elementor\/thumbs\/CocinasMarins_ShowroomSabadell_LoquenovesFotografias_03-rf82o6zqf5gafxyo91wwj9cgw5ugvo4x0pzjvbduow.jpg\" alt=\"Cocinas Marin&#039;s\" src=\"data:image\/gif;base64,R0lGODlhAQABAAAAACH5BAEKAAEALAAAAAABAAEAAAICTAEAOw==\" style=\"--smush-placeholder-width: 400px; --smush-placeholder-aspect-ratio: 400\/400;\" \/><noscript><img decoding=\"async\" class=\"swiper-slide-image\" src=\"https:\/\/cocinasmarins.com\/wp-content\/uploads\/elementor\/thumbs\/CocinasMarins_ShowroomSabadell_LoquenovesFotografias_03-rf82o6zqf5gafxyo91wwj9cgw5ugvo4x0pzjvbduow.jpg\" alt=\"Cocinas Marin&#039;s\" \/><\/noscript><\/figure><\/div><div class=\"swiper-slide\" role=\"group\" aria-roledescription=\"slide\" aria-label=\"18 de 18\"><figure class=\"swiper-slide-inner\"><img decoding=\"async\" class=\"swiper-slide-image lazyload\" data-src=\"https:\/\/cocinasmarins.com\/wp-content\/uploads\/elementor\/thumbs\/CocinasMarins_ShowroomSabadell_LoquenovesFotografias_04-rf82o6zqf5gafxyo91wwj9cgw5ugvo4x0pzjvbduow.jpg\" alt=\"Cocinas Marin&#039;s\" src=\"data:image\/gif;base64,R0lGODlhAQABAAAAACH5BAEKAAEALAAAAAABAAEAAAICTAEAOw==\" style=\"--smush-placeholder-width: 400px; --smush-placeholder-aspect-ratio: 400\/400;\" \/><noscript><img decoding=\"async\" class=\"swiper-slide-image\" src=\"https:\/\/cocinasmarins.com\/wp-content\/uploads\/elementor\/thumbs\/CocinasMarins_ShowroomSabadell_LoquenovesFotografias_04-rf82o6zqf5gafxyo91wwj9cgw5ugvo4x0pzjvbduow.jpg\" alt=\"Cocinas Marin&#039;s\" \/><\/noscript><\/figure><\/div>\t\t\t<\/div>\n\t\t\t\t\t\t\t\t\t\t\t\t<div class=\"elementor-swiper-button elementor-swiper-button-prev\" role=\"button\" tabindex=\"0\">\n\t\t\t\t\t\t<svg aria-hidden=\"true\" class=\"e-font-icon-svg e-eicon-chevron-left\" viewbox=\"0 0 1000 1000\" xmlns=\"http:\/\/www.w3.org\/2000\/svg\"><path d=\"M646 125C629 125 613 133 604 142L308 442C296 454 292 471 292 487 292 504 296 521 308 533L604 854C617 867 629 875 646 875 663 875 679 871 692 858 704 846 713 829 713 812 713 796 708 779 692 767L438 487 692 225C700 217 708 204 708 187 708 171 704 154 692 142 675 129 663 125 646 125Z\"><\/path><\/svg>\t\t\t\t\t<\/div>\n\t\t\t\t\t<div class=\"elementor-swiper-button elementor-swiper-button-next\" role=\"button\" tabindex=\"0\">\n\t\t\t\t\t\t<svg aria-hidden=\"true\" class=\"e-font-icon-svg e-eicon-chevron-right\" viewbox=\"0 0 1000 1000\" xmlns=\"http:\/\/www.w3.org\/2000\/svg\"><path d=\"M696 533C708 521 713 504 713 487 713 471 708 454 696 446L400 146C388 133 375 125 354 125 338 125 325 129 313 142 300 154 292 171 292 187 292 204 296 221 308 233L563 492 304 771C292 783 288 800 288 817 288 833 296 850 308 863 321 871 338 875 354 875 371 875 388 867 400 854L696 533Z\"><\/path><\/svg>\t\t\t\t\t<\/div>\n\t\t\t\t\n\t\t\t\t\t\t\t\t\t<\/div>\n\t\t\t\t\t\t<\/div>\n\t\t\t\t<\/div>\n\t\t\t\t<div class=\"elementor-element elementor-element-70dcf3f6 elementor-mobile-align-center elementor-widget-mobile__width-initial elementor-widget elementor-widget-button\" data-id=\"70dcf3f6\" data-element_type=\"widget\" data-e-type=\"widget\" data-widget_type=\"button.default\">\n\t\t\t\t<div class=\"elementor-widget-container\">\n\t\t\t\t\t\t\t\t\t<div class=\"elementor-button-wrapper\">\n\t\t\t\t\t<a class=\"elementor-button elementor-button-link elementor-size-md elementor-animation-bob\" href=\"https:\/\/cocinasmarins.com\/en\/proyectos\/\">\n\t\t\t\t\t\t<span class=\"elementor-button-content-wrapper\">\n\t\t\t\t\t\t\t\t\t<span class=\"elementor-button-text\">Ver proyectos<\/span>\n\t\t\t\t\t<\/span>\n\t\t\t\t\t<\/a>\n\t\t\t\t<\/div>\n\t\t\t\t\t\t\t\t<\/div>\n\t\t\t\t<\/div>\n\t\t\t\t<\/div>\n\t\t\t\t<\/div>","protected":false},"excerpt":{"rendered":"<p>Cocinas abiertas con mesa integrada: dise\u00f1o y funcionalidad Las cocinas abiertas se consolidan como una tendencia que apuesta por la conexi\u00f3n y la amplitud visual. La fusi\u00f3n entre la zona de trabajo y el comedor o el sal\u00f3n permite crear ambientes m\u00e1s luminosos, fluidos y habitables. En este proyecto, la mesa integrada cobra protagonismo: Une [&hellip;]<\/p>\n","protected":false},"author":3,"featured_media":0,"comment_status":"open","ping_status":"open","sticky":false,"template":"","format":"standard","meta":{"footnotes":""},"categories":[20],"tags":[],"class_list":["post-3512","post","type-post","status-publish","format-standard","hentry","category-noticias"],"yoast_head":"<!-- This site is optimized with the Yoast SEO plugin v26.0 - https:\/\/yoast.com\/wordpress\/plugins\/seo\/ -->\n<title>Cocinas abiertas con mesa integrada: dise\u00f1o y funcionalidad - Cocinas Mar\u00edns<\/title>\n<meta name=\"description\" content=\"Cocinas abiertas con mesa integrada: dise\u00f1o, funcionalidad y amplitud visual en un espacio moderno y acogedor.\" \/>\n<meta name=\"robots\" content=\"index, follow, max-snippet:-1, max-image-preview:large, max-video-preview:-1\" \/>\n<link rel=\"canonical\" href=\"https:\/\/cocinasmarins.com\/en\/cocinas-abiertas-con-mesa-integrada-estetica-y-practicidad-en-equilibrio\/\" \/>\n<meta property=\"og:locale\" content=\"en_GB\" \/>\n<meta property=\"og:type\" content=\"article\" \/>\n<meta property=\"og:title\" content=\"Cocinas abiertas con mesa integrada: dise\u00f1o y funcionalidad - Cocinas Mar\u00edns\" \/>\n<meta property=\"og:description\" content=\"Cocinas abiertas con mesa integrada: dise\u00f1o, funcionalidad y amplitud visual en un espacio moderno y acogedor.\" \/>\n<meta property=\"og:url\" content=\"https:\/\/cocinasmarins.com\/en\/cocinas-abiertas-con-mesa-integrada-estetica-y-practicidad-en-equilibrio\/\" \/>\n<meta property=\"og:site_name\" content=\"Cocinas Mar\u00edns\" \/>\n<meta property=\"article:published_time\" content=\"2025-10-16T08:49:53+00:00\" \/>\n<meta property=\"article:modified_time\" content=\"2025-10-27T12:47:53+00:00\" \/>\n<meta property=\"og:image\" content=\"https:\/\/cocinasmarins.com\/wp-content\/uploads\/2025\/10\/Imagen-web-1080-x-675-2.png\" \/>\n<meta name=\"author\" content=\"admin\" \/>\n<meta name=\"twitter:card\" content=\"summary_large_image\" \/>\n<meta name=\"twitter:label1\" content=\"Written by\" \/>\n\t<meta name=\"twitter:data1\" content=\"admin\" \/>\n\t<meta name=\"twitter:label2\" content=\"Estimated reading time\" \/>\n\t<meta name=\"twitter:data2\" content=\"6 minutes\" \/>\n<script type=\"application\/ld+json\" class=\"yoast-schema-graph\">{\"@context\":\"https:\/\/schema.org\",\"@graph\":[{\"@type\":\"Article\",\"@id\":\"https:\/\/cocinasmarins.com\/cocinas-abiertas-con-mesa-integrada-estetica-y-practicidad-en-equilibrio\/#article\",\"isPartOf\":{\"@id\":\"https:\/\/cocinasmarins.com\/cocinas-abiertas-con-mesa-integrada-estetica-y-practicidad-en-equilibrio\/\"},\"author\":{\"name\":\"admin\",\"@id\":\"https:\/\/cocinasmarins.com\/#\/schema\/person\/9b45207102901a46f2cc6c84fad59e84\"},\"headline\":\"Cocinas abiertas con mesa integrada: dise\u00f1o y funcionalidad\",\"datePublished\":\"2025-10-16T08:49:53+00:00\",\"dateModified\":\"2025-10-27T12:47:53+00:00\",\"mainEntityOfPage\":{\"@id\":\"https:\/\/cocinasmarins.com\/cocinas-abiertas-con-mesa-integrada-estetica-y-practicidad-en-equilibrio\/\"},\"wordCount\":430,\"commentCount\":0,\"publisher\":{\"@id\":\"https:\/\/cocinasmarins.com\/#organization\"},\"image\":{\"@id\":\"https:\/\/cocinasmarins.com\/cocinas-abiertas-con-mesa-integrada-estetica-y-practicidad-en-equilibrio\/#primaryimage\"},\"thumbnailUrl\":\"https:\/\/cocinasmarins.com\/wp-content\/uploads\/2025\/10\/Imagen-web-1080-x-675-2.png\",\"articleSection\":[\"Noticias\"],\"inLanguage\":\"en-GB\",\"potentialAction\":[{\"@type\":\"CommentAction\",\"name\":\"Comment\",\"target\":[\"https:\/\/cocinasmarins.com\/cocinas-abiertas-con-mesa-integrada-estetica-y-practicidad-en-equilibrio\/#respond\"]}]},{\"@type\":\"WebPage\",\"@id\":\"https:\/\/cocinasmarins.com\/cocinas-abiertas-con-mesa-integrada-estetica-y-practicidad-en-equilibrio\/\",\"url\":\"https:\/\/cocinasmarins.com\/cocinas-abiertas-con-mesa-integrada-estetica-y-practicidad-en-equilibrio\/\",\"name\":\"Cocinas abiertas con mesa integrada: dise\u00f1o y funcionalidad - Cocinas Mar\u00edns\",\"isPartOf\":{\"@id\":\"https:\/\/cocinasmarins.com\/#website\"},\"primaryImageOfPage\":{\"@id\":\"https:\/\/cocinasmarins.com\/cocinas-abiertas-con-mesa-integrada-estetica-y-practicidad-en-equilibrio\/#primaryimage\"},\"image\":{\"@id\":\"https:\/\/cocinasmarins.com\/cocinas-abiertas-con-mesa-integrada-estetica-y-practicidad-en-equilibrio\/#primaryimage\"},\"thumbnailUrl\":\"https:\/\/cocinasmarins.com\/wp-content\/uploads\/2025\/10\/Imagen-web-1080-x-675-2.png\",\"datePublished\":\"2025-10-16T08:49:53+00:00\",\"dateModified\":\"2025-10-27T12:47:53+00:00\",\"description\":\"Cocinas abiertas con mesa integrada: dise\u00f1o, funcionalidad y amplitud visual en un espacio moderno y acogedor.\",\"breadcrumb\":{\"@id\":\"https:\/\/cocinasmarins.com\/cocinas-abiertas-con-mesa-integrada-estetica-y-practicidad-en-equilibrio\/#breadcrumb\"},\"inLanguage\":\"en-GB\",\"potentialAction\":[{\"@type\":\"ReadAction\",\"target\":[\"https:\/\/cocinasmarins.com\/cocinas-abiertas-con-mesa-integrada-estetica-y-practicidad-en-equilibrio\/\"]}]},{\"@type\":\"ImageObject\",\"inLanguage\":\"en-GB\",\"@id\":\"https:\/\/cocinasmarins.com\/cocinas-abiertas-con-mesa-integrada-estetica-y-practicidad-en-equilibrio\/#primaryimage\",\"url\":\"https:\/\/cocinasmarins.com\/wp-content\/uploads\/2025\/10\/Imagen-web-1080-x-675-2.png\",\"contentUrl\":\"https:\/\/cocinasmarins.com\/wp-content\/uploads\/2025\/10\/Imagen-web-1080-x-675-2.png\"},{\"@type\":\"BreadcrumbList\",\"@id\":\"https:\/\/cocinasmarins.com\/cocinas-abiertas-con-mesa-integrada-estetica-y-practicidad-en-equilibrio\/#breadcrumb\",\"itemListElement\":[{\"@type\":\"ListItem\",\"position\":1,\"name\":\"Portada\",\"item\":\"https:\/\/cocinasmarins.com\/\"},{\"@type\":\"ListItem\",\"position\":2,\"name\":\"Cocinas abiertas con mesa integrada: dise\u00f1o y funcionalidad\"}]},{\"@type\":\"WebSite\",\"@id\":\"https:\/\/cocinasmarins.com\/#website\",\"url\":\"https:\/\/cocinasmarins.com\/\",\"name\":\"Cocinas Mar\u00edns\",\"description\":\"F\u00e1brica de mobiliario de cocinas a medida\",\"publisher\":{\"@id\":\"https:\/\/cocinasmarins.com\/#organization\"},\"potentialAction\":[{\"@type\":\"SearchAction\",\"target\":{\"@type\":\"EntryPoint\",\"urlTemplate\":\"https:\/\/cocinasmarins.com\/?s={search_term_string}\"},\"query-input\":{\"@type\":\"PropertyValueSpecification\",\"valueRequired\":true,\"valueName\":\"search_term_string\"}}],\"inLanguage\":\"en-GB\"},{\"@type\":\"Organization\",\"@id\":\"https:\/\/cocinasmarins.com\/#organization\",\"name\":\"Cocinas Mar\u00edns\",\"url\":\"https:\/\/cocinasmarins.com\/\",\"logo\":{\"@type\":\"ImageObject\",\"inLanguage\":\"en-GB\",\"@id\":\"https:\/\/cocinasmarins.com\/#\/schema\/logo\/image\/\",\"url\":\"https:\/\/cocinasmarins.com\/wp-content\/uploads\/2023\/02\/web-transparente.png\",\"contentUrl\":\"https:\/\/cocinasmarins.com\/wp-content\/uploads\/2023\/02\/web-transparente.png\",\"width\":450,\"height\":270,\"caption\":\"Cocinas Mar\u00edns\"},\"image\":{\"@id\":\"https:\/\/cocinasmarins.com\/#\/schema\/logo\/image\/\"}},{\"@type\":\"Person\",\"@id\":\"https:\/\/cocinasmarins.com\/#\/schema\/person\/9b45207102901a46f2cc6c84fad59e84\",\"name\":\"admin\",\"image\":{\"@type\":\"ImageObject\",\"inLanguage\":\"en-GB\",\"@id\":\"https:\/\/cocinasmarins.com\/#\/schema\/person\/image\/\",\"url\":\"https:\/\/secure.gravatar.com\/avatar\/8b0f71aede74be0cf005bbc42a0be6bd6096770f71fd188364269d7e0b893520?s=96&d=mm&r=g\",\"contentUrl\":\"https:\/\/secure.gravatar.com\/avatar\/8b0f71aede74be0cf005bbc42a0be6bd6096770f71fd188364269d7e0b893520?s=96&d=mm&r=g\",\"caption\":\"admin\"},\"sameAs\":[\"https:\/\/cocinasmarins.com\"],\"url\":\"https:\/\/cocinasmarins.com\/en\/author\/admin\/\"}]}<\/script>\n<!-- \/ Yoast SEO plugin. -->","yoast_head_json":{"title":"Cocinas abiertas con mesa integrada: dise\u00f1o y funcionalidad - Cocinas Mar\u00edns","description":"Cocinas abiertas con mesa integrada: dise\u00f1o, funcionalidad y amplitud visual en un espacio moderno y acogedor.","robots":{"index":"index","follow":"follow","max-snippet":"max-snippet:-1","max-image-preview":"max-image-preview:large","max-video-preview":"max-video-preview:-1"},"canonical":"https:\/\/cocinasmarins.com\/en\/cocinas-abiertas-con-mesa-integrada-estetica-y-practicidad-en-equilibrio\/","og_locale":"en_GB","og_type":"article","og_title":"Cocinas abiertas con mesa integrada: dise\u00f1o y funcionalidad - Cocinas Mar\u00edns","og_description":"Cocinas abiertas con mesa integrada: dise\u00f1o, funcionalidad y amplitud visual en un espacio moderno y acogedor.","og_url":"https:\/\/cocinasmarins.com\/en\/cocinas-abiertas-con-mesa-integrada-estetica-y-practicidad-en-equilibrio\/","og_site_name":"Cocinas Mar\u00edns","article_published_time":"2025-10-16T08:49:53+00:00","article_modified_time":"2025-10-27T12:47:53+00:00","og_image":[{"url":"https:\/\/cocinasmarins.com\/wp-content\/uploads\/2025\/10\/Imagen-web-1080-x-675-2.png","type":"","width":"","height":""}],"author":"admin","twitter_card":"summary_large_image","twitter_misc":{"Written by":"admin","Estimated reading time":"6 minutes"},"schema":{"@context":"https:\/\/schema.org","@graph":[{"@type":"Article","@id":"https:\/\/cocinasmarins.com\/cocinas-abiertas-con-mesa-integrada-estetica-y-practicidad-en-equilibrio\/#article","isPartOf":{"@id":"https:\/\/cocinasmarins.com\/cocinas-abiertas-con-mesa-integrada-estetica-y-practicidad-en-equilibrio\/"},"author":{"name":"admin","@id":"https:\/\/cocinasmarins.com\/#\/schema\/person\/9b45207102901a46f2cc6c84fad59e84"},"headline":"Cocinas abiertas con mesa integrada: dise\u00f1o y funcionalidad","datePublished":"2025-10-16T08:49:53+00:00","dateModified":"2025-10-27T12:47:53+00:00","mainEntityOfPage":{"@id":"https:\/\/cocinasmarins.com\/cocinas-abiertas-con-mesa-integrada-estetica-y-practicidad-en-equilibrio\/"},"wordCount":430,"commentCount":0,"publisher":{"@id":"https:\/\/cocinasmarins.com\/#organization"},"image":{"@id":"https:\/\/cocinasmarins.com\/cocinas-abiertas-con-mesa-integrada-estetica-y-practicidad-en-equilibrio\/#primaryimage"},"thumbnailUrl":"https:\/\/cocinasmarins.com\/wp-content\/uploads\/2025\/10\/Imagen-web-1080-x-675-2.png","articleSection":["Noticias"],"inLanguage":"en-GB","potentialAction":[{"@type":"CommentAction","name":"Comment","target":["https:\/\/cocinasmarins.com\/cocinas-abiertas-con-mesa-integrada-estetica-y-practicidad-en-equilibrio\/#respond"]}]},{"@type":"WebPage","@id":"https:\/\/cocinasmarins.com\/cocinas-abiertas-con-mesa-integrada-estetica-y-practicidad-en-equilibrio\/","url":"https:\/\/cocinasmarins.com\/cocinas-abiertas-con-mesa-integrada-estetica-y-practicidad-en-equilibrio\/","name":"Cocinas abiertas con mesa integrada: dise\u00f1o y funcionalidad - Cocinas Mar\u00edns","isPartOf":{"@id":"https:\/\/cocinasmarins.com\/#website"},"primaryImageOfPage":{"@id":"https:\/\/cocinasmarins.com\/cocinas-abiertas-con-mesa-integrada-estetica-y-practicidad-en-equilibrio\/#primaryimage"},"image":{"@id":"https:\/\/cocinasmarins.com\/cocinas-abiertas-con-mesa-integrada-estetica-y-practicidad-en-equilibrio\/#primaryimage"},"thumbnailUrl":"https:\/\/cocinasmarins.com\/wp-content\/uploads\/2025\/10\/Imagen-web-1080-x-675-2.png","datePublished":"2025-10-16T08:49:53+00:00","dateModified":"2025-10-27T12:47:53+00:00","description":"Cocinas abiertas con mesa integrada: dise\u00f1o, funcionalidad y amplitud visual en un espacio moderno y acogedor.","breadcrumb":{"@id":"https:\/\/cocinasmarins.com\/cocinas-abiertas-con-mesa-integrada-estetica-y-practicidad-en-equilibrio\/#breadcrumb"},"inLanguage":"en-GB","potentialAction":[{"@type":"ReadAction","target":["https:\/\/cocinasmarins.com\/cocinas-abiertas-con-mesa-integrada-estetica-y-practicidad-en-equilibrio\/"]}]},{"@type":"ImageObject","inLanguage":"en-GB","@id":"https:\/\/cocinasmarins.com\/cocinas-abiertas-con-mesa-integrada-estetica-y-practicidad-en-equilibrio\/#primaryimage","url":"https:\/\/cocinasmarins.com\/wp-content\/uploads\/2025\/10\/Imagen-web-1080-x-675-2.png","contentUrl":"https:\/\/cocinasmarins.com\/wp-content\/uploads\/2025\/10\/Imagen-web-1080-x-675-2.png"},{"@type":"BreadcrumbList","@id":"https:\/\/cocinasmarins.com\/cocinas-abiertas-con-mesa-integrada-estetica-y-practicidad-en-equilibrio\/#breadcrumb","itemListElement":[{"@type":"ListItem","position":1,"name":"Portada","item":"https:\/\/cocinasmarins.com\/"},{"@type":"ListItem","position":2,"name":"Cocinas abiertas con mesa integrada: dise\u00f1o y funcionalidad"}]},{"@type":"WebSite","@id":"https:\/\/cocinasmarins.com\/#website","url":"https:\/\/cocinasmarins.com\/","name":"Cocinas Mar\u00edns","description":"F\u00e1brica de mobiliario de cocinas a medida","publisher":{"@id":"https:\/\/cocinasmarins.com\/#organization"},"potentialAction":[{"@type":"SearchAction","target":{"@type":"EntryPoint","urlTemplate":"https:\/\/cocinasmarins.com\/?s={search_term_string}"},"query-input":{"@type":"PropertyValueSpecification","valueRequired":true,"valueName":"search_term_string"}}],"inLanguage":"en-GB"},{"@type":"Organization","@id":"https:\/\/cocinasmarins.com\/#organization","name":"Cocinas Mar\u00edns","url":"https:\/\/cocinasmarins.com\/","logo":{"@type":"ImageObject","inLanguage":"en-GB","@id":"https:\/\/cocinasmarins.com\/#\/schema\/logo\/image\/","url":"https:\/\/cocinasmarins.com\/wp-content\/uploads\/2023\/02\/web-transparente.png","contentUrl":"https:\/\/cocinasmarins.com\/wp-content\/uploads\/2023\/02\/web-transparente.png","width":450,"height":270,"caption":"Cocinas Mar\u00edns"},"image":{"@id":"https:\/\/cocinasmarins.com\/#\/schema\/logo\/image\/"}},{"@type":"Person","@id":"https:\/\/cocinasmarins.com\/#\/schema\/person\/9b45207102901a46f2cc6c84fad59e84","name":"admin","image":{"@type":"ImageObject","inLanguage":"en-GB","@id":"https:\/\/cocinasmarins.com\/#\/schema\/person\/image\/","url":"https:\/\/secure.gravatar.com\/avatar\/8b0f71aede74be0cf005bbc42a0be6bd6096770f71fd188364269d7e0b893520?s=96&d=mm&r=g","contentUrl":"https:\/\/secure.gravatar.com\/avatar\/8b0f71aede74be0cf005bbc42a0be6bd6096770f71fd188364269d7e0b893520?s=96&d=mm&r=g","caption":"admin"},"sameAs":["https:\/\/cocinasmarins.com"],"url":"https:\/\/cocinasmarins.com\/en\/author\/admin\/"}]}},"rttpg_featured_image_url":null,"rttpg_author":{"display_name":"admin","author_link":"https:\/\/cocinasmarins.com\/en\/author\/admin\/"},"rttpg_comment":0,"rttpg_category":"<a href=\"https:\/\/cocinasmarins.com\/en\/category\/noticias\/\" rel=\"category tag\">Noticias<\/a>","rttpg_excerpt":"Cocinas abiertas con mesa integrada: dise\u00f1o y funcionalidad Las cocinas abiertas se consolidan como una tendencia que apuesta por la conexi\u00f3n y la amplitud visual. La fusi\u00f3n entre la zona de trabajo y el comedor o el sal\u00f3n permite crear ambientes m\u00e1s luminosos, fluidos y habitables. En este proyecto, la mesa integrada cobra protagonismo: Une&hellip;","_links":{"self":[{"href":"https:\/\/cocinasmarins.com\/en\/wp-json\/wp\/v2\/posts\/3512","targetHints":{"allow":["GET"]}}],"collection":[{"href":"https:\/\/cocinasmarins.com\/en\/wp-json\/wp\/v2\/posts"}],"about":[{"href":"https:\/\/cocinasmarins.com\/en\/wp-json\/wp\/v2\/types\/post"}],"author":[{"embeddable":true,"href":"https:\/\/cocinasmarins.com\/en\/wp-json\/wp\/v2\/users\/3"}],"replies":[{"embeddable":true,"href":"https:\/\/cocinasmarins.com\/en\/wp-json\/wp\/v2\/comments?post=3512"}],"version-history":[{"count":47,"href":"https:\/\/cocinasmarins.com\/en\/wp-json\/wp\/v2\/posts\/3512\/revisions"}],"predecessor-version":[{"id":3573,"href":"https:\/\/cocinasmarins.com\/en\/wp-json\/wp\/v2\/posts\/3512\/revisions\/3573"}],"wp:attachment":[{"href":"https:\/\/cocinasmarins.com\/en\/wp-json\/wp\/v2\/media?parent=3512"}],"wp:term":[{"taxonomy":"category","embeddable":true,"href":"https:\/\/cocinasmarins.com\/en\/wp-json\/wp\/v2\/categories?post=3512"},{"taxonomy":"post_tag","embeddable":true,"href":"https:\/\/cocinasmarins.com\/en\/wp-json\/wp\/v2\/tags?post=3512"}],"curies":[{"name":"wp","href":"https:\/\/api.w.org\/{rel}","templated":true}]}}