{"id":2879,"date":"2024-11-20T14:17:40","date_gmt":"2024-11-20T13:17:40","guid":{"rendered":"https:\/\/cocinasmarins.com\/?p=2879"},"modified":"2025-02-28T12:34:27","modified_gmt":"2025-02-28T11:34:27","slug":"integracion-de-tecnologia-y-electrodomesticos-ocultos-en-el-diseno-de-cocinas-2025","status":"publish","type":"post","link":"https:\/\/cocinasmarins.com\/en\/integracion-de-tecnologia-y-electrodomesticos-ocultos-en-el-diseno-de-cocinas-2025\/","title":{"rendered":"Integraci\u00f3n de Tecnolog\u00eda y Electrodom\u00e9sticos Ocultos en el Dise\u00f1o de Cocinas 2025"},"content":{"rendered":"<div data-elementor-type=\"wp-post\" data-elementor-id=\"2879\" class=\"elementor elementor-2879\">\n\t\t\t\t<div class=\"elementor-element elementor-element-2c653018 e-flex e-con-boxed e-con e-parent\" data-id=\"2c653018\" data-element_type=\"container\" data-e-type=\"container\">\n\t\t\t\t\t<div class=\"e-con-inner\">\n\t\t\t\t<div class=\"elementor-element elementor-element-17c7bf5c elementor-widget__width-initial elementor-widget elementor-widget-heading\" data-id=\"17c7bf5c\" data-element_type=\"widget\" data-e-type=\"widget\" data-widget_type=\"heading.default\">\n\t\t\t\t<div class=\"elementor-widget-container\">\n\t\t\t\t\t<h1 class=\"elementor-heading-title elementor-size-default\">Integraci\u00f3n de Tecnolog\u00eda y Electrodom\u00e9sticos Ocultos en el Dise\u00f1o de Cocinas 2025<\/h1>\t\t\t\t<\/div>\n\t\t\t\t<\/div>\n\t\t\t\t\t<\/div>\n\t\t\t\t<\/div>\n\t\t<div class=\"elementor-element elementor-element-59e7b0bd e-flex e-con-boxed e-con e-parent\" data-id=\"59e7b0bd\" data-element_type=\"container\" data-e-type=\"container\">\n\t\t\t\t\t<div class=\"e-con-inner\">\n\t\t\t\t<div class=\"elementor-element elementor-element-3d1465e2 elementor-widget__width-initial elementor-widget elementor-widget-text-editor\" data-id=\"3d1465e2\" data-element_type=\"widget\" data-e-type=\"widget\" data-widget_type=\"text-editor.default\">\n\t\t\t\t<div class=\"elementor-widget-container\">\n\t\t\t\t\t\t\t\t\t<p>La cocina del futuro se perfila como un espacio donde la tecnolog\u00eda y el dise\u00f1o minimalista convergen para <b>ofrecer funcionalidad<\/b> y est\u00e9tica en perfecta armon\u00eda. En 2025, la<b> integraci\u00f3n de electrodom\u00e9sticos<\/b> inteligentes y soluciones de almacenamiento ocultas transformar\u00e1n nuestras cocinas en entornos m\u00e1s eficientes y elegantes.<br \/>La evoluci\u00f3n tecnol\u00f3gica redefine las cocinas modernas, priorizando la <b>funcionalidad <\/b>y una est\u00e9tica minimalista. A continuaci\u00f3n, se presentan tres ejemplos que ilustran esta tendencia:<\/p>\t\t\t\t\t\t\t\t<\/div>\n\t\t\t\t<\/div>\n\t\t\t\t<div class=\"elementor-element elementor-element-28dc979c elementor-widget elementor-widget-image\" data-id=\"28dc979c\" data-element_type=\"widget\" data-e-type=\"widget\" data-widget_type=\"image.default\">\n\t\t\t\t<div class=\"elementor-widget-container\">\n\t\t\t\t\t\t\t\t\t\t\t\t\t\t\t<img fetchpriority=\"high\" decoding=\"async\" width=\"768\" height=\"480\" src=\"https:\/\/cocinasmarins.com\/wp-content\/uploads\/2025\/01\/almacenamiento-para-cocinas-768x480.webp\" class=\"attachment-medium_large size-medium_large wp-image-2886\" alt=\"Cocina organizada con soluciones de almacenamiento personalizadas y pr\u00e1cticas\" srcset=\"https:\/\/cocinasmarins.com\/wp-content\/uploads\/2025\/01\/almacenamiento-para-cocinas-768x480.webp 768w, https:\/\/cocinasmarins.com\/wp-content\/uploads\/2025\/01\/almacenamiento-para-cocinas-300x188.webp 300w, https:\/\/cocinasmarins.com\/wp-content\/uploads\/2025\/01\/almacenamiento-para-cocinas-1024x640.webp 1024w, https:\/\/cocinasmarins.com\/wp-content\/uploads\/2025\/01\/almacenamiento-para-cocinas-18x12.webp 18w, https:\/\/cocinasmarins.com\/wp-content\/uploads\/2025\/01\/almacenamiento-para-cocinas.webp 1080w\" sizes=\"(max-width: 768px) 100vw, 768px\" \/>\t\t\t\t\t\t\t\t\t\t\t\t\t\t\t<\/div>\n\t\t\t\t<\/div>\n\t\t\t\t\t<\/div>\n\t\t\t\t<\/div>\n\t\t<div class=\"elementor-element elementor-element-1e547333 e-flex e-con-boxed e-con e-parent\" data-id=\"1e547333\" data-element_type=\"container\" data-e-type=\"container\">\n\t\t\t\t\t<div class=\"e-con-inner\">\n\t\t\t\t<div class=\"elementor-element elementor-element-11fbe21a elementor-widget__width-initial elementor-widget elementor-widget-heading\" data-id=\"11fbe21a\" data-element_type=\"widget\" data-e-type=\"widget\" data-widget_type=\"heading.default\">\n\t\t\t\t<div class=\"elementor-widget-container\">\n\t\t\t\t\t<h2 class=\"elementor-heading-title elementor-size-default\">Electrodom\u00e9sticos Inteligentes Integrados<\/h2>\t\t\t\t<\/div>\n\t\t\t\t<\/div>\n\t\t\t\t<div class=\"elementor-element elementor-element-43158cec elementor-widget__width-initial elementor-widget elementor-widget-text-editor\" data-id=\"43158cec\" data-element_type=\"widget\" data-e-type=\"widget\" data-widget_type=\"text-editor.default\">\n\t\t\t\t<div class=\"elementor-widget-container\">\n\t\t\t\t\t\t\t\t\t<p>La<b> incorporaci\u00f3n de electrodom\u00e9sticos <\/b>inteligentes, como hornos y neveras conectadas, permite controlar y monitorear su funcionamiento a trav\u00e9s de dispositivos m\u00f3viles o asistentes de voz. Estos aparatos se integ<b>ran discretamente en el mobiliario<\/b>, manteniendo l\u00edneas limpias y una apariencia uniforme en la cocina.<\/p>\t\t\t\t\t\t\t\t<\/div>\n\t\t\t\t<\/div>\n\t\t\t\t<div class=\"elementor-element elementor-element-636d9f75 elementor-widget elementor-widget-image\" data-id=\"636d9f75\" data-element_type=\"widget\" data-e-type=\"widget\" data-widget_type=\"image.default\">\n\t\t\t\t<div class=\"elementor-widget-container\">\n\t\t\t\t\t\t\t\t\t\t\t\t\t\t\t<img decoding=\"async\" width=\"768\" height=\"480\" data-src=\"https:\/\/cocinasmarins.com\/wp-content\/uploads\/2025\/01\/electrodomesticos-integrados-768x480.webp\" class=\"attachment-medium_large size-medium_large wp-image-2884 lazyload\" alt=\"Cocina moderna con electrodom\u00e9sticos integrados para un dise\u00f1o uniforme\" data-srcset=\"https:\/\/cocinasmarins.com\/wp-content\/uploads\/2025\/01\/electrodomesticos-integrados-768x480.webp 768w, https:\/\/cocinasmarins.com\/wp-content\/uploads\/2025\/01\/electrodomesticos-integrados-300x188.webp 300w, https:\/\/cocinasmarins.com\/wp-content\/uploads\/2025\/01\/electrodomesticos-integrados-1024x640.webp 1024w, https:\/\/cocinasmarins.com\/wp-content\/uploads\/2025\/01\/electrodomesticos-integrados-18x12.webp 18w, https:\/\/cocinasmarins.com\/wp-content\/uploads\/2025\/01\/electrodomesticos-integrados.webp 1080w\" data-sizes=\"(max-width: 768px) 100vw, 768px\" src=\"data:image\/gif;base64,R0lGODlhAQABAAAAACH5BAEKAAEALAAAAAABAAEAAAICTAEAOw==\" style=\"--smush-placeholder-width: 768px; --smush-placeholder-aspect-ratio: 768\/480;\" \/><noscript><img decoding=\"async\" width=\"768\" height=\"480\" src=\"https:\/\/cocinasmarins.com\/wp-content\/uploads\/2025\/01\/electrodomesticos-integrados-768x480.webp\" class=\"attachment-medium_large size-medium_large wp-image-2884\" alt=\"Cocina moderna con electrodom\u00e9sticos integrados para un dise\u00f1o uniforme\" srcset=\"https:\/\/cocinasmarins.com\/wp-content\/uploads\/2025\/01\/electrodomesticos-integrados-768x480.webp 768w, https:\/\/cocinasmarins.com\/wp-content\/uploads\/2025\/01\/electrodomesticos-integrados-300x188.webp 300w, https:\/\/cocinasmarins.com\/wp-content\/uploads\/2025\/01\/electrodomesticos-integrados-1024x640.webp 1024w, https:\/\/cocinasmarins.com\/wp-content\/uploads\/2025\/01\/electrodomesticos-integrados-18x12.webp 18w, https:\/\/cocinasmarins.com\/wp-content\/uploads\/2025\/01\/electrodomesticos-integrados.webp 1080w\" sizes=\"(max-width: 768px) 100vw, 768px\" \/><\/noscript>\t\t\t\t\t\t\t\t\t\t\t\t\t\t\t<\/div>\n\t\t\t\t<\/div>\n\t\t\t\t<div class=\"elementor-element elementor-element-5c20d74a elementor-widget__width-initial elementor-widget elementor-widget-heading\" data-id=\"5c20d74a\" data-element_type=\"widget\" data-e-type=\"widget\" data-widget_type=\"heading.default\">\n\t\t\t\t<div class=\"elementor-widget-container\">\n\t\t\t\t\t<h2 class=\"elementor-heading-title elementor-size-default\">Sistemas de Almacenamiento Ocultos y Automatizados<\/h2>\t\t\t\t<\/div>\n\t\t\t\t<\/div>\n\t\t\t\t<div class=\"elementor-element elementor-element-7eb4a52f elementor-widget__width-initial elementor-widget elementor-widget-text-editor\" data-id=\"7eb4a52f\" data-element_type=\"widget\" data-e-type=\"widget\" data-widget_type=\"text-editor.default\">\n\t\t\t\t<div class=\"elementor-widget-container\">\n\t\t\t\t\t\t\t\t\t<p>Los sistemas de <b>almacenamiento ocultos<\/b>, como cajones motorizados que se abren con un simple toque, optimizan el espacio y mantienen el orden en la cocina. Estos<b> mecanismos avanzados<\/b> facilitan el acceso a utensilios y alimentos, mejorando la eficiencia en las tareas culinarias.<\/p>\t\t\t\t\t\t\t\t<\/div>\n\t\t\t\t<\/div>\n\t\t\t\t<div class=\"elementor-element elementor-element-105f85ee elementor-widget elementor-widget-image\" data-id=\"105f85ee\" data-element_type=\"widget\" data-e-type=\"widget\" data-widget_type=\"image.default\">\n\t\t\t\t<div class=\"elementor-widget-container\">\n\t\t\t\t\t\t\t\t\t\t\t\t\t\t\t<img decoding=\"async\" width=\"768\" height=\"480\" data-src=\"https:\/\/cocinasmarins.com\/wp-content\/uploads\/2025\/01\/almacenamiento-oculto-768x480.webp\" class=\"attachment-medium_large size-medium_large wp-image-2885 lazyload\" alt=\"Cocina moderna con almacenamiento oculto integrado para una est\u00e9tica limpia y funcional\" data-srcset=\"https:\/\/cocinasmarins.com\/wp-content\/uploads\/2025\/01\/almacenamiento-oculto-768x480.webp 768w, https:\/\/cocinasmarins.com\/wp-content\/uploads\/2025\/01\/almacenamiento-oculto-300x188.webp 300w, https:\/\/cocinasmarins.com\/wp-content\/uploads\/2025\/01\/almacenamiento-oculto-1024x640.webp 1024w, https:\/\/cocinasmarins.com\/wp-content\/uploads\/2025\/01\/almacenamiento-oculto-18x12.webp 18w, https:\/\/cocinasmarins.com\/wp-content\/uploads\/2025\/01\/almacenamiento-oculto.webp 1080w\" data-sizes=\"(max-width: 768px) 100vw, 768px\" src=\"data:image\/gif;base64,R0lGODlhAQABAAAAACH5BAEKAAEALAAAAAABAAEAAAICTAEAOw==\" style=\"--smush-placeholder-width: 768px; --smush-placeholder-aspect-ratio: 768\/480;\" \/><noscript><img decoding=\"async\" width=\"768\" height=\"480\" src=\"https:\/\/cocinasmarins.com\/wp-content\/uploads\/2025\/01\/almacenamiento-oculto-768x480.webp\" class=\"attachment-medium_large size-medium_large wp-image-2885\" alt=\"Cocina moderna con almacenamiento oculto integrado para una est\u00e9tica limpia y funcional\" srcset=\"https:\/\/cocinasmarins.com\/wp-content\/uploads\/2025\/01\/almacenamiento-oculto-768x480.webp 768w, https:\/\/cocinasmarins.com\/wp-content\/uploads\/2025\/01\/almacenamiento-oculto-300x188.webp 300w, https:\/\/cocinasmarins.com\/wp-content\/uploads\/2025\/01\/almacenamiento-oculto-1024x640.webp 1024w, https:\/\/cocinasmarins.com\/wp-content\/uploads\/2025\/01\/almacenamiento-oculto-18x12.webp 18w, https:\/\/cocinasmarins.com\/wp-content\/uploads\/2025\/01\/almacenamiento-oculto.webp 1080w\" sizes=\"(max-width: 768px) 100vw, 768px\" \/><\/noscript>\t\t\t\t\t\t\t\t\t\t\t\t\t\t\t<\/div>\n\t\t\t\t<\/div>\n\t\t\t\t<div class=\"elementor-element elementor-element-5409adbf elementor-widget__width-initial elementor-widget elementor-widget-heading\" data-id=\"5409adbf\" data-element_type=\"widget\" data-e-type=\"widget\" data-widget_type=\"heading.default\">\n\t\t\t\t<div class=\"elementor-widget-container\">\n\t\t\t\t\t<h2 class=\"elementor-heading-title elementor-size-default\">Superficies de Inducci\u00f3n Invisibles<\/h2>\t\t\t\t<\/div>\n\t\t\t\t<\/div>\n\t\t\t\t<div class=\"elementor-element elementor-element-5c0affb8 elementor-widget__width-initial elementor-widget elementor-widget-text-editor\" data-id=\"5c0affb8\" data-element_type=\"widget\" data-e-type=\"widget\" data-widget_type=\"text-editor.default\">\n\t\t\t\t<div class=\"elementor-widget-container\">\n\t\t\t\t\t\t\t\t\t<p>La tecnolog\u00eda de<b> inducci\u00f3n invisible<\/b> permite que las superficies de trabajo funcionen como placas de cocci\u00f3n cuando se activan, y como encimeras convencionales cuando no est\u00e1n en uso. Esta innovaci\u00f3n ofrece una est\u00e9tica minimalista y <b>maximiza el espacio disponible<\/b> en la cocina.<\/p>\t\t\t\t\t\t\t\t<\/div>\n\t\t\t\t<\/div>\n\t\t\t\t<div class=\"elementor-element elementor-element-1e37490f elementor-widget elementor-widget-image\" data-id=\"1e37490f\" data-element_type=\"widget\" data-e-type=\"widget\" data-widget_type=\"image.default\">\n\t\t\t\t<div class=\"elementor-widget-container\">\n\t\t\t\t\t\t\t\t\t\t\t\t\t\t\t<img loading=\"lazy\" decoding=\"async\" width=\"768\" height=\"432\" data-src=\"https:\/\/cocinasmarins.com\/wp-content\/uploads\/2024\/12\/ENCIMERA-DE-INDUCCION-INVISIBLE-768x432.webp\" class=\"attachment-medium_large size-medium_large wp-image-2926 lazyload\" alt=\"Encimera de inducci\u00f3n invisible que combina innovaci\u00f3n y dise\u00f1o minimalista\" data-srcset=\"https:\/\/cocinasmarins.com\/wp-content\/uploads\/2024\/12\/ENCIMERA-DE-INDUCCION-INVISIBLE-768x432.webp 768w, https:\/\/cocinasmarins.com\/wp-content\/uploads\/2024\/12\/ENCIMERA-DE-INDUCCION-INVISIBLE-300x169.webp 300w, https:\/\/cocinasmarins.com\/wp-content\/uploads\/2024\/12\/ENCIMERA-DE-INDUCCION-INVISIBLE-1024x576.webp 1024w, https:\/\/cocinasmarins.com\/wp-content\/uploads\/2024\/12\/ENCIMERA-DE-INDUCCION-INVISIBLE-1536x864.webp 1536w, https:\/\/cocinasmarins.com\/wp-content\/uploads\/2024\/12\/ENCIMERA-DE-INDUCCION-INVISIBLE-18x10.webp 18w, https:\/\/cocinasmarins.com\/wp-content\/uploads\/2024\/12\/ENCIMERA-DE-INDUCCION-INVISIBLE.webp 1920w\" data-sizes=\"(max-width: 768px) 100vw, 768px\" src=\"data:image\/gif;base64,R0lGODlhAQABAAAAACH5BAEKAAEALAAAAAABAAEAAAICTAEAOw==\" style=\"--smush-placeholder-width: 768px; --smush-placeholder-aspect-ratio: 768\/432;\" \/><noscript><img loading=\"lazy\" decoding=\"async\" width=\"768\" height=\"432\" src=\"https:\/\/cocinasmarins.com\/wp-content\/uploads\/2024\/12\/ENCIMERA-DE-INDUCCION-INVISIBLE-768x432.webp\" class=\"attachment-medium_large size-medium_large wp-image-2926\" alt=\"Encimera de inducci\u00f3n invisible que combina innovaci\u00f3n y dise\u00f1o minimalista\" srcset=\"https:\/\/cocinasmarins.com\/wp-content\/uploads\/2024\/12\/ENCIMERA-DE-INDUCCION-INVISIBLE-768x432.webp 768w, https:\/\/cocinasmarins.com\/wp-content\/uploads\/2024\/12\/ENCIMERA-DE-INDUCCION-INVISIBLE-300x169.webp 300w, https:\/\/cocinasmarins.com\/wp-content\/uploads\/2024\/12\/ENCIMERA-DE-INDUCCION-INVISIBLE-1024x576.webp 1024w, https:\/\/cocinasmarins.com\/wp-content\/uploads\/2024\/12\/ENCIMERA-DE-INDUCCION-INVISIBLE-1536x864.webp 1536w, https:\/\/cocinasmarins.com\/wp-content\/uploads\/2024\/12\/ENCIMERA-DE-INDUCCION-INVISIBLE-18x10.webp 18w, https:\/\/cocinasmarins.com\/wp-content\/uploads\/2024\/12\/ENCIMERA-DE-INDUCCION-INVISIBLE.webp 1920w\" sizes=\"(max-width: 768px) 100vw, 768px\" \/><\/noscript>\t\t\t\t\t\t\t\t\t\t\t\t\t\t\t<\/div>\n\t\t\t\t<\/div>\n\t\t\t\t<div class=\"elementor-element elementor-element-7d232f91 elementor-widget__width-initial elementor-widget elementor-widget-heading\" data-id=\"7d232f91\" data-element_type=\"widget\" data-e-type=\"widget\" data-widget_type=\"heading.default\">\n\t\t\t\t<div class=\"elementor-widget-container\">\n\t\t\t\t\t<h2 class=\"elementor-heading-title elementor-size-default\">Tendencias Actuales en el Dise\u00f1o de Cocinas<\/h2>\t\t\t\t<\/div>\n\t\t\t\t<\/div>\n\t\t\t\t<div class=\"elementor-element elementor-element-17b762ea elementor-widget__width-initial elementor-widget elementor-widget-text-editor\" data-id=\"17b762ea\" data-element_type=\"widget\" data-e-type=\"widget\" data-widget_type=\"text-editor.default\">\n\t\t\t\t<div class=\"elementor-widget-container\">\n\t\t\t\t\t\t\t\t\t<p>La integraci\u00f3n de estas tecnolog\u00edas y soluciones de dise\u00f1o en las cocinas de 2025 refleja una tendencia hacia <b>espacios m\u00e1s funcionales<\/b>, eficientes y est\u00e9ticamente agradables, adaptados a las necesidades de la vida contempor\u00e1nea.<\/p>\t\t\t\t\t\t\t\t<\/div>\n\t\t\t\t<\/div>\n\t\t\t\t<div class=\"elementor-element elementor-element-15df6686 elementor-widget__width-initial elementor-widget elementor-widget-text-editor\" data-id=\"15df6686\" data-element_type=\"widget\" data-e-type=\"widget\" data-widget_type=\"text-editor.default\">\n\t\t\t\t<div class=\"elementor-widget-container\">\n\t\t\t\t\t\t\t\t\t<p>Recuerda que una cocina bien dise\u00f1ada no solo mejora la funcionalidad de tu hogar, sino que tambi\u00e9n <b>incrementa su valor<\/b> y aporta un entorno m\u00e1s c\u00f3modo y agradable para ti y tu familia. \u00a1Empieza tu proyecto de renovaci\u00f3n hoy mismo y disfruta de los beneficios de un espacio que combina lo mejor de la tecnolog\u00eda contempor\u00e1nea con un<b> dise\u00f1o elegante y funcional!<\/b><\/p>\t\t\t\t\t\t\t\t<\/div>\n\t\t\t\t<\/div>\n\t\t\t\t<div class=\"elementor-element elementor-element-f1d69fd elementor-widget elementor-widget-text-editor\" data-id=\"f1d69fd\" data-element_type=\"widget\" data-e-type=\"widget\" data-widget_type=\"text-editor.default\">\n\t\t\t\t<div class=\"elementor-widget-container\">\n\t\t\t\t\t\t\t\t\t<p><strong>\u00a1Transforma tu Cocina hoy mismo con Cocinas Mar\u00edn\u2019s!<\/strong><\/p>\t\t\t\t\t\t\t\t<\/div>\n\t\t\t\t<\/div>\n\t\t\t\t<div class=\"elementor-element elementor-element-3879b62c elementor-widget elementor-widget-button\" data-id=\"3879b62c\" data-element_type=\"widget\" data-e-type=\"widget\" data-widget_type=\"button.default\">\n\t\t\t\t<div class=\"elementor-widget-container\">\n\t\t\t\t\t\t\t\t\t<div class=\"elementor-button-wrapper\">\n\t\t\t\t\t<a class=\"elementor-button elementor-button-link elementor-size-sm\" href=\"https:\/\/cocinasmarins.com\/en\/contacto\/\">\n\t\t\t\t\t\t<span class=\"elementor-button-content-wrapper\">\n\t\t\t\t\t\t\t\t\t<span class=\"elementor-button-text\">CONTACTAR<\/span>\n\t\t\t\t\t<\/span>\n\t\t\t\t\t<\/a>\n\t\t\t\t<\/div>\n\t\t\t\t\t\t\t\t<\/div>\n\t\t\t\t<\/div>\n\t\t<div class=\"elementor-element elementor-element-93487ad e-con-full e-flex e-con e-child\" data-id=\"93487ad\" data-element_type=\"container\" data-e-type=\"container\" data-settings=\"{&quot;background_background&quot;:&quot;classic&quot;}\">\n\t\t\t\t<div class=\"elementor-element elementor-element-834aa28 elementor-widget__width-initial elementor-widget elementor-widget-heading\" data-id=\"834aa28\" data-element_type=\"widget\" data-e-type=\"widget\" data-widget_type=\"heading.default\">\n\t\t\t\t<div class=\"elementor-widget-container\">\n\t\t\t\t\t<span class=\"elementor-heading-title elementor-size-default\">\u00bfListo para tu cocina ideal? <\/span>\t\t\t\t<\/div>\n\t\t\t\t<\/div>\n\t\t\t\t<div class=\"elementor-element elementor-element-3f53685 elementor-widget elementor-widget-heading\" data-id=\"3f53685\" data-element_type=\"widget\" data-e-type=\"widget\" data-widget_type=\"heading.default\">\n\t\t\t\t<div class=\"elementor-widget-container\">\n\t\t\t\t\t<h3 class=\"elementor-heading-title elementor-size-default\">\u00a1No esperes m\u00e1s, y cont\u00e1ctanos hoy mismo!<\/h3>\t\t\t\t<\/div>\n\t\t\t\t<\/div>\n\t\t\t\t<div class=\"elementor-element elementor-element-564cfdd elementor-widget__width-initial elementor-widget elementor-widget-heading\" data-id=\"564cfdd\" data-element_type=\"widget\" data-e-type=\"widget\" data-widget_type=\"heading.default\">\n\t\t\t\t<div class=\"elementor-widget-container\">\n\t\t\t\t\t<h4 class=\"elementor-heading-title elementor-size-default\">Si est\u00e1s inspirado por estas ideas y deseas transformar tu cocina en un espacio moderno y funcional, no dudes en contactarnos.<\/h4>\t\t\t\t<\/div>\n\t\t\t\t<\/div>\n\t\t\t\t<div class=\"elementor-element elementor-element-a2082b9 elementor-widget__width-initial elementor-widget elementor-widget-heading\" data-id=\"a2082b9\" data-element_type=\"widget\" data-e-type=\"widget\" data-widget_type=\"heading.default\">\n\t\t\t\t<div class=\"elementor-widget-container\">\n\t\t\t\t\t<h4 class=\"elementor-heading-title elementor-size-default\">Podemos ayudarte a crear la cocina de tus sue\u00f1os, adaptada a tus necesidades y preferencias.<\/h4>\t\t\t\t<\/div>\n\t\t\t\t<\/div>\n\t\t\t\t<div class=\"elementor-element elementor-element-a32e58a elementor-arrows-position-outside elementor-invisible elementor-widget elementor-widget-image-carousel\" data-id=\"a32e58a\" data-element_type=\"widget\" data-e-type=\"widget\" data-settings=\"{&quot;slides_to_show&quot;:&quot;3&quot;,&quot;slides_to_scroll&quot;:&quot;1&quot;,&quot;navigation&quot;:&quot;arrows&quot;,&quot;_animation&quot;:&quot;fadeInUp&quot;,&quot;_animation_delay&quot;:400,&quot;autoplay&quot;:&quot;yes&quot;,&quot;pause_on_hover&quot;:&quot;yes&quot;,&quot;pause_on_interaction&quot;:&quot;yes&quot;,&quot;autoplay_speed&quot;:5000,&quot;infinite&quot;:&quot;yes&quot;,&quot;speed&quot;:500,&quot;image_spacing_custom&quot;:{&quot;unit&quot;:&quot;px&quot;,&quot;size&quot;:20,&quot;sizes&quot;:[]},&quot;image_spacing_custom_tablet&quot;:{&quot;unit&quot;:&quot;px&quot;,&quot;size&quot;:&quot;&quot;,&quot;sizes&quot;:[]},&quot;image_spacing_custom_mobile&quot;:{&quot;unit&quot;:&quot;px&quot;,&quot;size&quot;:&quot;&quot;,&quot;sizes&quot;:[]}}\" data-widget_type=\"image-carousel.default\">\n\t\t\t\t<div class=\"elementor-widget-container\">\n\t\t\t\t\t\t\t<div class=\"elementor-image-carousel-wrapper swiper\" role=\"region\" aria-roledescription=\"carousel\" aria-label=\"Carrusel de im\u00e1genes\" dir=\"ltr\">\n\t\t\t<div class=\"elementor-image-carousel swiper-wrapper swiper-image-stretch\" aria-live=\"off\">\n\t\t\t\t\t\t\t\t<div class=\"swiper-slide\" role=\"group\" aria-roledescription=\"slide\" aria-label=\"1 of 18\"><figure class=\"swiper-slide-inner\"><img decoding=\"async\" class=\"swiper-slide-image lazyload\" data-src=\"https:\/\/cocinasmarins.com\/wp-content\/uploads\/elementor\/thumbs\/Cocina-en-antracita-y-nogal-rf82o6zqf5gafxyo91wwj9cgw5ugvo4x0pzjvbduow.jpg\" alt=\"Cocina-en-antracita-y-nogal\" src=\"data:image\/gif;base64,R0lGODlhAQABAAAAACH5BAEKAAEALAAAAAABAAEAAAICTAEAOw==\" style=\"--smush-placeholder-width: 400px; --smush-placeholder-aspect-ratio: 400\/400;\" \/><noscript><img decoding=\"async\" class=\"swiper-slide-image\" src=\"https:\/\/cocinasmarins.com\/wp-content\/uploads\/elementor\/thumbs\/Cocina-en-antracita-y-nogal-rf82o6zqf5gafxyo91wwj9cgw5ugvo4x0pzjvbduow.jpg\" alt=\"Cocina-en-antracita-y-nogal\" \/><\/noscript><\/figure><\/div><div class=\"swiper-slide\" role=\"group\" aria-roledescription=\"slide\" aria-label=\"2 of 18\"><figure class=\"swiper-slide-inner\"><img decoding=\"async\" class=\"swiper-slide-image lazyload\" data-src=\"https:\/\/cocinasmarins.com\/wp-content\/uploads\/elementor\/thumbs\/vitrina-de-nogal-madera-rf82o6zqf5gafxyo91wwj9cgw5ugvo4x0pzjvbduow.jpg\" alt=\"Vitrina de madera con luz led\" src=\"data:image\/gif;base64,R0lGODlhAQABAAAAACH5BAEKAAEALAAAAAABAAEAAAICTAEAOw==\" style=\"--smush-placeholder-width: 400px; --smush-placeholder-aspect-ratio: 400\/400;\" \/><noscript><img decoding=\"async\" class=\"swiper-slide-image\" src=\"https:\/\/cocinasmarins.com\/wp-content\/uploads\/elementor\/thumbs\/vitrina-de-nogal-madera-rf82o6zqf5gafxyo91wwj9cgw5ugvo4x0pzjvbduow.jpg\" alt=\"Vitrina de madera con luz led\" \/><\/noscript><\/figure><\/div><div class=\"swiper-slide\" role=\"group\" aria-roledescription=\"slide\" aria-label=\"3 of 18\"><figure class=\"swiper-slide-inner\"><img decoding=\"async\" class=\"swiper-slide-image lazyload\" data-src=\"https:\/\/cocinasmarins.com\/wp-content\/uploads\/elementor\/thumbs\/cocina-con-nogal-rf82o6zqf5gafxyo91wwj9cgw5ugvo4x0pzjvbduow.jpg\" alt=\"cocina-con-nogal\" src=\"data:image\/gif;base64,R0lGODlhAQABAAAAACH5BAEKAAEALAAAAAABAAEAAAICTAEAOw==\" style=\"--smush-placeholder-width: 400px; --smush-placeholder-aspect-ratio: 400\/400;\" \/><noscript><img decoding=\"async\" class=\"swiper-slide-image\" src=\"https:\/\/cocinasmarins.com\/wp-content\/uploads\/elementor\/thumbs\/cocina-con-nogal-rf82o6zqf5gafxyo91wwj9cgw5ugvo4x0pzjvbduow.jpg\" alt=\"cocina-con-nogal\" \/><\/noscript><\/figure><\/div><div class=\"swiper-slide\" role=\"group\" aria-roledescription=\"slide\" aria-label=\"4 of 18\"><figure class=\"swiper-slide-inner\"><img decoding=\"async\" class=\"swiper-slide-image lazyload\" data-src=\"https:\/\/cocinasmarins.com\/wp-content\/uploads\/elementor\/thumbs\/Cocina-lacada-blanca-con-desayunador-de-roble-rf82o6zqf5gafxyo91wwj9cgw5ugvo4x0pzjvbduow.jpg\" alt=\"Cocina-lacada-blanca-con-desayunador-de-roble\" src=\"data:image\/gif;base64,R0lGODlhAQABAAAAACH5BAEKAAEALAAAAAABAAEAAAICTAEAOw==\" style=\"--smush-placeholder-width: 400px; --smush-placeholder-aspect-ratio: 400\/400;\" \/><noscript><img decoding=\"async\" class=\"swiper-slide-image\" src=\"https:\/\/cocinasmarins.com\/wp-content\/uploads\/elementor\/thumbs\/Cocina-lacada-blanca-con-desayunador-de-roble-rf82o6zqf5gafxyo91wwj9cgw5ugvo4x0pzjvbduow.jpg\" alt=\"Cocina-lacada-blanca-con-desayunador-de-roble\" \/><\/noscript><\/figure><\/div><div class=\"swiper-slide\" role=\"group\" aria-roledescription=\"slide\" aria-label=\"5 of 18\"><figure class=\"swiper-slide-inner\"><img decoding=\"async\" class=\"swiper-slide-image lazyload\" data-src=\"https:\/\/cocinasmarins.com\/wp-content\/uploads\/elementor\/thumbs\/desayunador-de-roble-rf82o6zqf5gafxyo91wwj9cgw5ugvo4x0pzjvbduow.jpg\" alt=\"desayunador-de-roble\" src=\"data:image\/gif;base64,R0lGODlhAQABAAAAACH5BAEKAAEALAAAAAABAAEAAAICTAEAOw==\" style=\"--smush-placeholder-width: 400px; --smush-placeholder-aspect-ratio: 400\/400;\" \/><noscript><img decoding=\"async\" class=\"swiper-slide-image\" src=\"https:\/\/cocinasmarins.com\/wp-content\/uploads\/elementor\/thumbs\/desayunador-de-roble-rf82o6zqf5gafxyo91wwj9cgw5ugvo4x0pzjvbduow.jpg\" alt=\"desayunador-de-roble\" \/><\/noscript><\/figure><\/div><div class=\"swiper-slide\" role=\"group\" aria-roledescription=\"slide\" aria-label=\"6 of 18\"><figure class=\"swiper-slide-inner\"><img decoding=\"async\" class=\"swiper-slide-image lazyload\" data-src=\"https:\/\/cocinasmarins.com\/wp-content\/uploads\/elementor\/thumbs\/vitrina-de-madera-cocina-rf82o6zqf5gafxyo91wwj9cgw5ugvo4x0pzjvbduow.jpg\" alt=\"vitrina iluminada con luz led\" src=\"data:image\/gif;base64,R0lGODlhAQABAAAAACH5BAEKAAEALAAAAAABAAEAAAICTAEAOw==\" style=\"--smush-placeholder-width: 400px; --smush-placeholder-aspect-ratio: 400\/400;\" \/><noscript><img decoding=\"async\" class=\"swiper-slide-image\" src=\"https:\/\/cocinasmarins.com\/wp-content\/uploads\/elementor\/thumbs\/vitrina-de-madera-cocina-rf82o6zqf5gafxyo91wwj9cgw5ugvo4x0pzjvbduow.jpg\" alt=\"vitrina iluminada con luz led\" \/><\/noscript><\/figure><\/div><div class=\"swiper-slide\" role=\"group\" aria-roledescription=\"slide\" aria-label=\"7 of 18\"><figure class=\"swiper-slide-inner\"><img decoding=\"async\" class=\"swiper-slide-image lazyload\" data-src=\"https:\/\/cocinasmarins.com\/wp-content\/uploads\/elementor\/thumbs\/cocina-con-tiradores-de-barra-y-encimera-de-marmol-rf82o6zqf5gafxyo91wwj9cgw5ugvo4x0pzjvbduow.jpg\" alt=\"cocina-con-tiradores-de-barra-y-encimera-de-m\u00e1rmol\" src=\"data:image\/gif;base64,R0lGODlhAQABAAAAACH5BAEKAAEALAAAAAABAAEAAAICTAEAOw==\" style=\"--smush-placeholder-width: 400px; --smush-placeholder-aspect-ratio: 400\/400;\" \/><noscript><img decoding=\"async\" class=\"swiper-slide-image\" src=\"https:\/\/cocinasmarins.com\/wp-content\/uploads\/elementor\/thumbs\/cocina-con-tiradores-de-barra-y-encimera-de-marmol-rf82o6zqf5gafxyo91wwj9cgw5ugvo4x0pzjvbduow.jpg\" alt=\"cocina-con-tiradores-de-barra-y-encimera-de-m\u00e1rmol\" \/><\/noscript><\/figure><\/div><div class=\"swiper-slide\" role=\"group\" aria-roledescription=\"slide\" aria-label=\"8 of 18\"><figure class=\"swiper-slide-inner\"><img decoding=\"async\" class=\"swiper-slide-image lazyload\" data-src=\"https:\/\/cocinasmarins.com\/wp-content\/uploads\/elementor\/thumbs\/Cocina-moderna-a-medida-con-isla-de-marmol-rf82o6zqf5gafxyo91wwj9cgw5ugvo4x0pzjvbduow.jpg\" alt=\"Cocina-moderna-a-medida-con-isla-de-m\u00e1rmol\" src=\"data:image\/gif;base64,R0lGODlhAQABAAAAACH5BAEKAAEALAAAAAABAAEAAAICTAEAOw==\" style=\"--smush-placeholder-width: 400px; --smush-placeholder-aspect-ratio: 400\/400;\" \/><noscript><img decoding=\"async\" class=\"swiper-slide-image\" src=\"https:\/\/cocinasmarins.com\/wp-content\/uploads\/elementor\/thumbs\/Cocina-moderna-a-medida-con-isla-de-marmol-rf82o6zqf5gafxyo91wwj9cgw5ugvo4x0pzjvbduow.jpg\" alt=\"Cocina-moderna-a-medida-con-isla-de-m\u00e1rmol\" \/><\/noscript><\/figure><\/div><div class=\"swiper-slide\" role=\"group\" aria-roledescription=\"slide\" aria-label=\"9 of 18\"><figure class=\"swiper-slide-inner\"><img decoding=\"async\" class=\"swiper-slide-image lazyload\" data-src=\"https:\/\/cocinasmarins.com\/wp-content\/uploads\/elementor\/thumbs\/cocina-moderna-rf82o6zqf5gafxyo91wwj9cgw5ugvo4x0pzjvbduow.jpg\" alt=\"cocina-moderna\" src=\"data:image\/gif;base64,R0lGODlhAQABAAAAACH5BAEKAAEALAAAAAABAAEAAAICTAEAOw==\" style=\"--smush-placeholder-width: 400px; --smush-placeholder-aspect-ratio: 400\/400;\" \/><noscript><img decoding=\"async\" class=\"swiper-slide-image\" src=\"https:\/\/cocinasmarins.com\/wp-content\/uploads\/elementor\/thumbs\/cocina-moderna-rf82o6zqf5gafxyo91wwj9cgw5ugvo4x0pzjvbduow.jpg\" alt=\"cocina-moderna\" \/><\/noscript><\/figure><\/div><div class=\"swiper-slide\" role=\"group\" aria-roledescription=\"slide\" aria-label=\"10 of 18\"><figure class=\"swiper-slide-inner\"><img decoding=\"async\" class=\"swiper-slide-image lazyload\" data-src=\"https:\/\/cocinasmarins.com\/wp-content\/uploads\/elementor\/thumbs\/cocina-verde-con-isla-de-marmol-rf82o6zqf5gafxyo91wwj9cgw5ugvo4x0pzjvbduow.jpg\" alt=\"cocina-verde-con-isla-de-marmol\" src=\"data:image\/gif;base64,R0lGODlhAQABAAAAACH5BAEKAAEALAAAAAABAAEAAAICTAEAOw==\" style=\"--smush-placeholder-width: 400px; --smush-placeholder-aspect-ratio: 400\/400;\" \/><noscript><img decoding=\"async\" class=\"swiper-slide-image\" src=\"https:\/\/cocinasmarins.com\/wp-content\/uploads\/elementor\/thumbs\/cocina-verde-con-isla-de-marmol-rf82o6zqf5gafxyo91wwj9cgw5ugvo4x0pzjvbduow.jpg\" alt=\"cocina-verde-con-isla-de-marmol\" \/><\/noscript><\/figure><\/div><div class=\"swiper-slide\" role=\"group\" aria-roledescription=\"slide\" aria-label=\"11 of 18\"><figure class=\"swiper-slide-inner\"><img decoding=\"async\" class=\"swiper-slide-image lazyload\" data-src=\"https:\/\/cocinasmarins.com\/wp-content\/uploads\/elementor\/thumbs\/Cocina-abierta-a-medida-en-tonos-naturales-y-barra-central-rf82o6zqf5gafxyo91wwj9cgw5ugvo4x0pzjvbduow.jpg\" alt=\"Cocina-abierta-a-medida-en-tonos-naturales-y-barra-central\" src=\"data:image\/gif;base64,R0lGODlhAQABAAAAACH5BAEKAAEALAAAAAABAAEAAAICTAEAOw==\" style=\"--smush-placeholder-width: 400px; --smush-placeholder-aspect-ratio: 400\/400;\" \/><noscript><img decoding=\"async\" class=\"swiper-slide-image\" src=\"https:\/\/cocinasmarins.com\/wp-content\/uploads\/elementor\/thumbs\/Cocina-abierta-a-medida-en-tonos-naturales-y-barra-central-rf82o6zqf5gafxyo91wwj9cgw5ugvo4x0pzjvbduow.jpg\" alt=\"Cocina-abierta-a-medida-en-tonos-naturales-y-barra-central\" \/><\/noscript><\/figure><\/div><div class=\"swiper-slide\" role=\"group\" aria-roledescription=\"slide\" aria-label=\"12 of 18\"><figure class=\"swiper-slide-inner\"><img decoding=\"async\" class=\"swiper-slide-image lazyload\" data-src=\"https:\/\/cocinasmarins.com\/wp-content\/uploads\/elementor\/thumbs\/cocina-en-paralelo-rf82o6zqf5gafxyo91wwj9cgw5ugvo4x0pzjvbduow.jpg\" alt=\"cocina-en-paralelo\" src=\"data:image\/gif;base64,R0lGODlhAQABAAAAACH5BAEKAAEALAAAAAABAAEAAAICTAEAOw==\" style=\"--smush-placeholder-width: 400px; --smush-placeholder-aspect-ratio: 400\/400;\" \/><noscript><img decoding=\"async\" class=\"swiper-slide-image\" src=\"https:\/\/cocinasmarins.com\/wp-content\/uploads\/elementor\/thumbs\/cocina-en-paralelo-rf82o6zqf5gafxyo91wwj9cgw5ugvo4x0pzjvbduow.jpg\" alt=\"cocina-en-paralelo\" \/><\/noscript><\/figure><\/div><div class=\"swiper-slide\" role=\"group\" aria-roledescription=\"slide\" aria-label=\"13 of 18\"><figure class=\"swiper-slide-inner\"><img decoding=\"async\" class=\"swiper-slide-image lazyload\" data-src=\"https:\/\/cocinasmarins.com\/wp-content\/uploads\/elementor\/thumbs\/cocina-con-isla-rf82o6zqf5gafxyo91wwj9cgw5ugvo4x0pzjvbduow.jpg\" alt=\"cajon extraible blanco y negro\" src=\"data:image\/gif;base64,R0lGODlhAQABAAAAACH5BAEKAAEALAAAAAABAAEAAAICTAEAOw==\" style=\"--smush-placeholder-width: 400px; --smush-placeholder-aspect-ratio: 400\/400;\" \/><noscript><img decoding=\"async\" class=\"swiper-slide-image\" src=\"https:\/\/cocinasmarins.com\/wp-content\/uploads\/elementor\/thumbs\/cocina-con-isla-rf82o6zqf5gafxyo91wwj9cgw5ugvo4x0pzjvbduow.jpg\" alt=\"cajon extraible blanco y negro\" \/><\/noscript><\/figure><\/div><div class=\"swiper-slide\" role=\"group\" aria-roledescription=\"slide\" aria-label=\"14 of 18\"><figure class=\"swiper-slide-inner\"><img decoding=\"async\" class=\"swiper-slide-image lazyload\" data-src=\"https:\/\/cocinasmarins.com\/wp-content\/uploads\/elementor\/thumbs\/cocina-blanca-con-isla-rf82o6zqf5gafxyo91wwj9cgw5ugvo4x0pzjvbduow.jpg\" alt=\"cocina blanca con isla\" src=\"data:image\/gif;base64,R0lGODlhAQABAAAAACH5BAEKAAEALAAAAAABAAEAAAICTAEAOw==\" style=\"--smush-placeholder-width: 400px; --smush-placeholder-aspect-ratio: 400\/400;\" \/><noscript><img decoding=\"async\" class=\"swiper-slide-image\" src=\"https:\/\/cocinasmarins.com\/wp-content\/uploads\/elementor\/thumbs\/cocina-blanca-con-isla-rf82o6zqf5gafxyo91wwj9cgw5ugvo4x0pzjvbduow.jpg\" alt=\"cocina blanca con isla\" \/><\/noscript><\/figure><\/div><div class=\"swiper-slide\" role=\"group\" aria-roledescription=\"slide\" aria-label=\"15 of 18\"><figure class=\"swiper-slide-inner\"><img decoding=\"async\" class=\"swiper-slide-image lazyload\" data-src=\"https:\/\/cocinasmarins.com\/wp-content\/uploads\/elementor\/thumbs\/Cocina-con-isla-de-marmol-rf82o6zqf5gafxyo91wwj9cgw5ugvo4x0pzjvbduow.jpg\" alt=\": Cocina a medida con isla de m\u00e1rmol y dise\u00f1o minimalista\" src=\"data:image\/gif;base64,R0lGODlhAQABAAAAACH5BAEKAAEALAAAAAABAAEAAAICTAEAOw==\" style=\"--smush-placeholder-width: 400px; --smush-placeholder-aspect-ratio: 400\/400;\" \/><noscript><img decoding=\"async\" class=\"swiper-slide-image\" src=\"https:\/\/cocinasmarins.com\/wp-content\/uploads\/elementor\/thumbs\/Cocina-con-isla-de-marmol-rf82o6zqf5gafxyo91wwj9cgw5ugvo4x0pzjvbduow.jpg\" alt=\": Cocina a medida con isla de m\u00e1rmol y dise\u00f1o minimalista\" \/><\/noscript><\/figure><\/div><div class=\"swiper-slide\" role=\"group\" aria-roledescription=\"slide\" aria-label=\"16 of 18\"><figure class=\"swiper-slide-inner\"><img decoding=\"async\" class=\"swiper-slide-image lazyload\" data-src=\"https:\/\/cocinasmarins.com\/wp-content\/uploads\/elementor\/thumbs\/Cocina-elegante-y-funcional-en-tono-cashmere-rf82o6zqf5gafxyo91wwj9cgw5ugvo4x0pzjvbduow.jpg\" alt=\"Cocina-elegante-y-funcional-en-tono-cashmere\" src=\"data:image\/gif;base64,R0lGODlhAQABAAAAACH5BAEKAAEALAAAAAABAAEAAAICTAEAOw==\" style=\"--smush-placeholder-width: 400px; --smush-placeholder-aspect-ratio: 400\/400;\" \/><noscript><img decoding=\"async\" class=\"swiper-slide-image\" src=\"https:\/\/cocinasmarins.com\/wp-content\/uploads\/elementor\/thumbs\/Cocina-elegante-y-funcional-en-tono-cashmere-rf82o6zqf5gafxyo91wwj9cgw5ugvo4x0pzjvbduow.jpg\" alt=\"Cocina-elegante-y-funcional-en-tono-cashmere\" \/><\/noscript><\/figure><\/div><div class=\"swiper-slide\" role=\"group\" aria-roledescription=\"slide\" aria-label=\"17 of 18\"><figure class=\"swiper-slide-inner\"><img decoding=\"async\" class=\"swiper-slide-image lazyload\" data-src=\"https:\/\/cocinasmarins.com\/wp-content\/uploads\/elementor\/thumbs\/CocinasMarins_ShowroomSabadell_LoquenovesFotografias_03-rf82o6zqf5gafxyo91wwj9cgw5ugvo4x0pzjvbduow.jpg\" alt=\"Cocinas Marin&#039;s\" src=\"data:image\/gif;base64,R0lGODlhAQABAAAAACH5BAEKAAEALAAAAAABAAEAAAICTAEAOw==\" style=\"--smush-placeholder-width: 400px; --smush-placeholder-aspect-ratio: 400\/400;\" \/><noscript><img decoding=\"async\" class=\"swiper-slide-image\" src=\"https:\/\/cocinasmarins.com\/wp-content\/uploads\/elementor\/thumbs\/CocinasMarins_ShowroomSabadell_LoquenovesFotografias_03-rf82o6zqf5gafxyo91wwj9cgw5ugvo4x0pzjvbduow.jpg\" alt=\"Cocinas Marin&#039;s\" \/><\/noscript><\/figure><\/div><div class=\"swiper-slide\" role=\"group\" aria-roledescription=\"slide\" aria-label=\"18 of 18\"><figure class=\"swiper-slide-inner\"><img decoding=\"async\" class=\"swiper-slide-image lazyload\" data-src=\"https:\/\/cocinasmarins.com\/wp-content\/uploads\/elementor\/thumbs\/CocinasMarins_ShowroomSabadell_LoquenovesFotografias_04-rf82o6zqf5gafxyo91wwj9cgw5ugvo4x0pzjvbduow.jpg\" alt=\"Cocinas Marin&#039;s\" src=\"data:image\/gif;base64,R0lGODlhAQABAAAAACH5BAEKAAEALAAAAAABAAEAAAICTAEAOw==\" style=\"--smush-placeholder-width: 400px; --smush-placeholder-aspect-ratio: 400\/400;\" \/><noscript><img decoding=\"async\" class=\"swiper-slide-image\" src=\"https:\/\/cocinasmarins.com\/wp-content\/uploads\/elementor\/thumbs\/CocinasMarins_ShowroomSabadell_LoquenovesFotografias_04-rf82o6zqf5gafxyo91wwj9cgw5ugvo4x0pzjvbduow.jpg\" alt=\"Cocinas Marin&#039;s\" \/><\/noscript><\/figure><\/div>\t\t\t<\/div>\n\t\t\t\t\t\t\t\t\t\t\t\t<div class=\"elementor-swiper-button elementor-swiper-button-prev\" role=\"button\" tabindex=\"0\">\n\t\t\t\t\t\t<svg aria-hidden=\"true\" class=\"e-font-icon-svg e-eicon-chevron-left\" viewbox=\"0 0 1000 1000\" xmlns=\"http:\/\/www.w3.org\/2000\/svg\"><path d=\"M646 125C629 125 613 133 604 142L308 442C296 454 292 471 292 487 292 504 296 521 308 533L604 854C617 867 629 875 646 875 663 875 679 871 692 858 704 846 713 829 713 812 713 796 708 779 692 767L438 487 692 225C700 217 708 204 708 187 708 171 704 154 692 142 675 129 663 125 646 125Z\"><\/path><\/svg>\t\t\t\t\t<\/div>\n\t\t\t\t\t<div class=\"elementor-swiper-button elementor-swiper-button-next\" role=\"button\" tabindex=\"0\">\n\t\t\t\t\t\t<svg aria-hidden=\"true\" class=\"e-font-icon-svg e-eicon-chevron-right\" viewbox=\"0 0 1000 1000\" xmlns=\"http:\/\/www.w3.org\/2000\/svg\"><path d=\"M696 533C708 521 713 504 713 487 713 471 708 454 696 446L400 146C388 133 375 125 354 125 338 125 325 129 313 142 300 154 292 171 292 187 292 204 296 221 308 233L563 492 304 771C292 783 288 800 288 817 288 833 296 850 308 863 321 871 338 875 354 875 371 875 388 867 400 854L696 533Z\"><\/path><\/svg>\t\t\t\t\t<\/div>\n\t\t\t\t\n\t\t\t\t\t\t\t\t\t<\/div>\n\t\t\t\t\t\t<\/div>\n\t\t\t\t<\/div>\n\t\t\t\t<div class=\"elementor-element elementor-element-1b2aa63 elementor-mobile-align-center elementor-widget-mobile__width-initial elementor-widget elementor-widget-button\" data-id=\"1b2aa63\" data-element_type=\"widget\" data-e-type=\"widget\" data-widget_type=\"button.default\">\n\t\t\t\t<div class=\"elementor-widget-container\">\n\t\t\t\t\t\t\t\t\t<div class=\"elementor-button-wrapper\">\n\t\t\t\t\t<a class=\"elementor-button elementor-button-link elementor-size-md elementor-animation-bob\" href=\"https:\/\/cocinasmarins.com\/en\/proyectos\/\">\n\t\t\t\t\t\t<span class=\"elementor-button-content-wrapper\">\n\t\t\t\t\t\t\t\t\t<span class=\"elementor-button-text\">Ver proyectos<\/span>\n\t\t\t\t\t<\/span>\n\t\t\t\t\t<\/a>\n\t\t\t\t<\/div>\n\t\t\t\t\t\t\t\t<\/div>\n\t\t\t\t<\/div>\n\t\t\t\t<\/div>\n\t\t\t\t\t<\/div>\n\t\t\t\t<\/div>\n\t\t\t\t<\/div>","protected":false},"excerpt":{"rendered":"<p>Integraci\u00f3n de Tecnolog\u00eda y Electrodom\u00e9sticos Ocultos en el Dise\u00f1o de Cocinas 2025 La cocina del futuro se perfila como un espacio donde la tecnolog\u00eda y el dise\u00f1o minimalista convergen para ofrecer funcionalidad y est\u00e9tica en perfecta armon\u00eda. En 2025, la integraci\u00f3n de electrodom\u00e9sticos inteligentes y soluciones de almacenamiento ocultas transformar\u00e1n nuestras cocinas en entornos m\u00e1s [&hellip;]<\/p>\n","protected":false},"author":3,"featured_media":2886,"comment_status":"closed","ping_status":"open","sticky":false,"template":"","format":"standard","meta":{"footnotes":""},"categories":[20],"tags":[73,71,69,44,66,72,67,68,65,70],"class_list":["post-2879","post","type-post","status-publish","format-standard","has-post-thumbnail","hentry","category-noticias","tag-cocinas-eficientes-y-esteticas","tag-cocinas-funcionales-y-modernas","tag-cocinas-minimalistas","tag-diseno-de-cocinas-2025","tag-electrodomesticos-inteligentes-integrados","tag-innovaciones-en-cocinas","tag-sistemas-de-almacenamiento-ocultos","tag-superficies-de-induccion-invisibles","tag-tecnologia-en-cocinas","tag-tendencias-en-diseno-de-cocinas"],"yoast_head":"<!-- This site is optimized with the Yoast SEO plugin v26.0 - https:\/\/yoast.com\/wordpress\/plugins\/seo\/ -->\n<title>Integraci\u00f3n de Tecnolog\u00eda y Electrodom\u00e9sticos Ocultos en el Dise\u00f1o de Cocinas 2025 - Cocinas Mar\u00edns<\/title>\n<meta name=\"robots\" content=\"index, follow, max-snippet:-1, max-image-preview:large, max-video-preview:-1\" \/>\n<link rel=\"canonical\" href=\"https:\/\/cocinasmarins.com\/en\/integracion-de-tecnologia-y-electrodomesticos-ocultos-en-el-diseno-de-cocinas-2025\/\" \/>\n<meta property=\"og:locale\" content=\"en_GB\" \/>\n<meta property=\"og:type\" content=\"article\" \/>\n<meta property=\"og:title\" content=\"Integraci\u00f3n de Tecnolog\u00eda y Electrodom\u00e9sticos Ocultos en el Dise\u00f1o de Cocinas 2025 - Cocinas Mar\u00edns\" \/>\n<meta property=\"og:description\" content=\"Integraci\u00f3n de Tecnolog\u00eda y Electrodom\u00e9sticos Ocultos en el Dise\u00f1o de Cocinas 2025 La cocina del futuro se perfila como un espacio donde la tecnolog\u00eda y el dise\u00f1o minimalista convergen para ofrecer funcionalidad y est\u00e9tica en perfecta armon\u00eda. En 2025, la integraci\u00f3n de electrodom\u00e9sticos inteligentes y soluciones de almacenamiento ocultas transformar\u00e1n nuestras cocinas en entornos m\u00e1s [&hellip;]\" \/>\n<meta property=\"og:url\" content=\"https:\/\/cocinasmarins.com\/en\/integracion-de-tecnologia-y-electrodomesticos-ocultos-en-el-diseno-de-cocinas-2025\/\" \/>\n<meta property=\"og:site_name\" content=\"Cocinas Mar\u00edns\" \/>\n<meta property=\"article:published_time\" content=\"2024-11-20T13:17:40+00:00\" \/>\n<meta property=\"article:modified_time\" content=\"2025-02-28T11:34:27+00:00\" \/>\n<meta property=\"og:image\" content=\"https:\/\/cocinasmarins.com\/wp-content\/uploads\/2025\/01\/almacenamiento-para-cocinas.webp\" \/>\n\t<meta property=\"og:image:width\" content=\"1080\" \/>\n\t<meta property=\"og:image:height\" content=\"675\" \/>\n\t<meta property=\"og:image:type\" content=\"image\/webp\" \/>\n<meta name=\"author\" content=\"admin\" \/>\n<meta name=\"twitter:card\" content=\"summary_large_image\" \/>\n<meta name=\"twitter:label1\" content=\"Written by\" \/>\n\t<meta name=\"twitter:data1\" content=\"admin\" \/>\n\t<meta name=\"twitter:label2\" content=\"Estimated reading time\" \/>\n\t<meta name=\"twitter:data2\" content=\"2 minutes\" \/>\n<script type=\"application\/ld+json\" class=\"yoast-schema-graph\">{\"@context\":\"https:\/\/schema.org\",\"@graph\":[{\"@type\":\"Article\",\"@id\":\"https:\/\/cocinasmarins.com\/integracion-de-tecnologia-y-electrodomesticos-ocultos-en-el-diseno-de-cocinas-2025\/#article\",\"isPartOf\":{\"@id\":\"https:\/\/cocinasmarins.com\/integracion-de-tecnologia-y-electrodomesticos-ocultos-en-el-diseno-de-cocinas-2025\/\"},\"author\":{\"name\":\"admin\",\"@id\":\"https:\/\/cocinasmarins.com\/#\/schema\/person\/9b45207102901a46f2cc6c84fad59e84\"},\"headline\":\"Integraci\u00f3n de Tecnolog\u00eda y Electrodom\u00e9sticos Ocultos en el Dise\u00f1o de Cocinas 2025\",\"datePublished\":\"2024-11-20T13:17:40+00:00\",\"dateModified\":\"2025-02-28T11:34:27+00:00\",\"mainEntityOfPage\":{\"@id\":\"https:\/\/cocinasmarins.com\/integracion-de-tecnologia-y-electrodomesticos-ocultos-en-el-diseno-de-cocinas-2025\/\"},\"wordCount\":445,\"publisher\":{\"@id\":\"https:\/\/cocinasmarins.com\/#organization\"},\"image\":{\"@id\":\"https:\/\/cocinasmarins.com\/integracion-de-tecnologia-y-electrodomesticos-ocultos-en-el-diseno-de-cocinas-2025\/#primaryimage\"},\"thumbnailUrl\":\"https:\/\/cocinasmarins.com\/wp-content\/uploads\/2025\/01\/almacenamiento-para-cocinas.webp\",\"keywords\":[\"Cocinas eficientes y est\u00e9ticas\",\"Cocinas funcionales y modernas\",\"Cocinas minimalistas\",\"Dise\u00f1o de cocinas 2025\",\"Electrodom\u00e9sticos inteligentes integrados\",\"Innovaciones en cocinas\",\"Sistemas de almacenamiento ocultos\",\"Superficies de inducci\u00f3n invisibles\",\"Tecnolog\u00eda en cocinas\",\"Tendencias en dise\u00f1o de cocinas\"],\"articleSection\":[\"Noticias\"],\"inLanguage\":\"en-GB\"},{\"@type\":\"WebPage\",\"@id\":\"https:\/\/cocinasmarins.com\/integracion-de-tecnologia-y-electrodomesticos-ocultos-en-el-diseno-de-cocinas-2025\/\",\"url\":\"https:\/\/cocinasmarins.com\/integracion-de-tecnologia-y-electrodomesticos-ocultos-en-el-diseno-de-cocinas-2025\/\",\"name\":\"Integraci\u00f3n de Tecnolog\u00eda y Electrodom\u00e9sticos Ocultos en el Dise\u00f1o de Cocinas 2025 - Cocinas Mar\u00edns\",\"isPartOf\":{\"@id\":\"https:\/\/cocinasmarins.com\/#website\"},\"primaryImageOfPage\":{\"@id\":\"https:\/\/cocinasmarins.com\/integracion-de-tecnologia-y-electrodomesticos-ocultos-en-el-diseno-de-cocinas-2025\/#primaryimage\"},\"image\":{\"@id\":\"https:\/\/cocinasmarins.com\/integracion-de-tecnologia-y-electrodomesticos-ocultos-en-el-diseno-de-cocinas-2025\/#primaryimage\"},\"thumbnailUrl\":\"https:\/\/cocinasmarins.com\/wp-content\/uploads\/2025\/01\/almacenamiento-para-cocinas.webp\",\"datePublished\":\"2024-11-20T13:17:40+00:00\",\"dateModified\":\"2025-02-28T11:34:27+00:00\",\"breadcrumb\":{\"@id\":\"https:\/\/cocinasmarins.com\/integracion-de-tecnologia-y-electrodomesticos-ocultos-en-el-diseno-de-cocinas-2025\/#breadcrumb\"},\"inLanguage\":\"en-GB\",\"potentialAction\":[{\"@type\":\"ReadAction\",\"target\":[\"https:\/\/cocinasmarins.com\/integracion-de-tecnologia-y-electrodomesticos-ocultos-en-el-diseno-de-cocinas-2025\/\"]}]},{\"@type\":\"ImageObject\",\"inLanguage\":\"en-GB\",\"@id\":\"https:\/\/cocinasmarins.com\/integracion-de-tecnologia-y-electrodomesticos-ocultos-en-el-diseno-de-cocinas-2025\/#primaryimage\",\"url\":\"https:\/\/cocinasmarins.com\/wp-content\/uploads\/2025\/01\/almacenamiento-para-cocinas.webp\",\"contentUrl\":\"https:\/\/cocinasmarins.com\/wp-content\/uploads\/2025\/01\/almacenamiento-para-cocinas.webp\",\"width\":1080,\"height\":675,\"caption\":\"Dise\u00f1o que une practicidad y elegancia en cada rinc\u00f3n.\"},{\"@type\":\"BreadcrumbList\",\"@id\":\"https:\/\/cocinasmarins.com\/integracion-de-tecnologia-y-electrodomesticos-ocultos-en-el-diseno-de-cocinas-2025\/#breadcrumb\",\"itemListElement\":[{\"@type\":\"ListItem\",\"position\":1,\"name\":\"Portada\",\"item\":\"https:\/\/cocinasmarins.com\/\"},{\"@type\":\"ListItem\",\"position\":2,\"name\":\"Integraci\u00f3n de Tecnolog\u00eda y Electrodom\u00e9sticos Ocultos en el Dise\u00f1o de Cocinas 2025\"}]},{\"@type\":\"WebSite\",\"@id\":\"https:\/\/cocinasmarins.com\/#website\",\"url\":\"https:\/\/cocinasmarins.com\/\",\"name\":\"Cocinas Mar\u00edns\",\"description\":\"F\u00e1brica de mobiliario de cocinas a medida\",\"publisher\":{\"@id\":\"https:\/\/cocinasmarins.com\/#organization\"},\"potentialAction\":[{\"@type\":\"SearchAction\",\"target\":{\"@type\":\"EntryPoint\",\"urlTemplate\":\"https:\/\/cocinasmarins.com\/?s={search_term_string}\"},\"query-input\":{\"@type\":\"PropertyValueSpecification\",\"valueRequired\":true,\"valueName\":\"search_term_string\"}}],\"inLanguage\":\"en-GB\"},{\"@type\":\"Organization\",\"@id\":\"https:\/\/cocinasmarins.com\/#organization\",\"name\":\"Cocinas Mar\u00edns\",\"url\":\"https:\/\/cocinasmarins.com\/\",\"logo\":{\"@type\":\"ImageObject\",\"inLanguage\":\"en-GB\",\"@id\":\"https:\/\/cocinasmarins.com\/#\/schema\/logo\/image\/\",\"url\":\"https:\/\/cocinasmarins.com\/wp-content\/uploads\/2023\/02\/web-transparente.png\",\"contentUrl\":\"https:\/\/cocinasmarins.com\/wp-content\/uploads\/2023\/02\/web-transparente.png\",\"width\":450,\"height\":270,\"caption\":\"Cocinas Mar\u00edns\"},\"image\":{\"@id\":\"https:\/\/cocinasmarins.com\/#\/schema\/logo\/image\/\"}},{\"@type\":\"Person\",\"@id\":\"https:\/\/cocinasmarins.com\/#\/schema\/person\/9b45207102901a46f2cc6c84fad59e84\",\"name\":\"admin\",\"image\":{\"@type\":\"ImageObject\",\"inLanguage\":\"en-GB\",\"@id\":\"https:\/\/cocinasmarins.com\/#\/schema\/person\/image\/\",\"url\":\"https:\/\/secure.gravatar.com\/avatar\/8b0f71aede74be0cf005bbc42a0be6bd6096770f71fd188364269d7e0b893520?s=96&d=mm&r=g\",\"contentUrl\":\"https:\/\/secure.gravatar.com\/avatar\/8b0f71aede74be0cf005bbc42a0be6bd6096770f71fd188364269d7e0b893520?s=96&d=mm&r=g\",\"caption\":\"admin\"},\"sameAs\":[\"https:\/\/cocinasmarins.com\"],\"url\":\"https:\/\/cocinasmarins.com\/en\/author\/admin\/\"}]}<\/script>\n<!-- \/ Yoast SEO plugin. -->","yoast_head_json":{"title":"Integraci\u00f3n de Tecnolog\u00eda y Electrodom\u00e9sticos Ocultos en el Dise\u00f1o de Cocinas 2025 - Cocinas Mar\u00edns","robots":{"index":"index","follow":"follow","max-snippet":"max-snippet:-1","max-image-preview":"max-image-preview:large","max-video-preview":"max-video-preview:-1"},"canonical":"https:\/\/cocinasmarins.com\/en\/integracion-de-tecnologia-y-electrodomesticos-ocultos-en-el-diseno-de-cocinas-2025\/","og_locale":"en_GB","og_type":"article","og_title":"Integraci\u00f3n de Tecnolog\u00eda y Electrodom\u00e9sticos Ocultos en el Dise\u00f1o de Cocinas 2025 - Cocinas Mar\u00edns","og_description":"Integraci\u00f3n de Tecnolog\u00eda y Electrodom\u00e9sticos Ocultos en el Dise\u00f1o de Cocinas 2025 La cocina del futuro se perfila como un espacio donde la tecnolog\u00eda y el dise\u00f1o minimalista convergen para ofrecer funcionalidad y est\u00e9tica en perfecta armon\u00eda. En 2025, la integraci\u00f3n de electrodom\u00e9sticos inteligentes y soluciones de almacenamiento ocultas transformar\u00e1n nuestras cocinas en entornos m\u00e1s [&hellip;]","og_url":"https:\/\/cocinasmarins.com\/en\/integracion-de-tecnologia-y-electrodomesticos-ocultos-en-el-diseno-de-cocinas-2025\/","og_site_name":"Cocinas Mar\u00edns","article_published_time":"2024-11-20T13:17:40+00:00","article_modified_time":"2025-02-28T11:34:27+00:00","og_image":[{"width":1080,"height":675,"url":"https:\/\/cocinasmarins.com\/wp-content\/uploads\/2025\/01\/almacenamiento-para-cocinas.webp","type":"image\/webp"}],"author":"admin","twitter_card":"summary_large_image","twitter_misc":{"Written by":"admin","Estimated reading time":"2 minutes"},"schema":{"@context":"https:\/\/schema.org","@graph":[{"@type":"Article","@id":"https:\/\/cocinasmarins.com\/integracion-de-tecnologia-y-electrodomesticos-ocultos-en-el-diseno-de-cocinas-2025\/#article","isPartOf":{"@id":"https:\/\/cocinasmarins.com\/integracion-de-tecnologia-y-electrodomesticos-ocultos-en-el-diseno-de-cocinas-2025\/"},"author":{"name":"admin","@id":"https:\/\/cocinasmarins.com\/#\/schema\/person\/9b45207102901a46f2cc6c84fad59e84"},"headline":"Integraci\u00f3n de Tecnolog\u00eda y Electrodom\u00e9sticos Ocultos en el Dise\u00f1o de Cocinas 2025","datePublished":"2024-11-20T13:17:40+00:00","dateModified":"2025-02-28T11:34:27+00:00","mainEntityOfPage":{"@id":"https:\/\/cocinasmarins.com\/integracion-de-tecnologia-y-electrodomesticos-ocultos-en-el-diseno-de-cocinas-2025\/"},"wordCount":445,"publisher":{"@id":"https:\/\/cocinasmarins.com\/#organization"},"image":{"@id":"https:\/\/cocinasmarins.com\/integracion-de-tecnologia-y-electrodomesticos-ocultos-en-el-diseno-de-cocinas-2025\/#primaryimage"},"thumbnailUrl":"https:\/\/cocinasmarins.com\/wp-content\/uploads\/2025\/01\/almacenamiento-para-cocinas.webp","keywords":["Cocinas eficientes y est\u00e9ticas","Cocinas funcionales y modernas","Cocinas minimalistas","Dise\u00f1o de cocinas 2025","Electrodom\u00e9sticos inteligentes integrados","Innovaciones en cocinas","Sistemas de almacenamiento ocultos","Superficies de inducci\u00f3n invisibles","Tecnolog\u00eda en cocinas","Tendencias en dise\u00f1o de cocinas"],"articleSection":["Noticias"],"inLanguage":"en-GB"},{"@type":"WebPage","@id":"https:\/\/cocinasmarins.com\/integracion-de-tecnologia-y-electrodomesticos-ocultos-en-el-diseno-de-cocinas-2025\/","url":"https:\/\/cocinasmarins.com\/integracion-de-tecnologia-y-electrodomesticos-ocultos-en-el-diseno-de-cocinas-2025\/","name":"Integraci\u00f3n de Tecnolog\u00eda y Electrodom\u00e9sticos Ocultos en el Dise\u00f1o de Cocinas 2025 - Cocinas Mar\u00edns","isPartOf":{"@id":"https:\/\/cocinasmarins.com\/#website"},"primaryImageOfPage":{"@id":"https:\/\/cocinasmarins.com\/integracion-de-tecnologia-y-electrodomesticos-ocultos-en-el-diseno-de-cocinas-2025\/#primaryimage"},"image":{"@id":"https:\/\/cocinasmarins.com\/integracion-de-tecnologia-y-electrodomesticos-ocultos-en-el-diseno-de-cocinas-2025\/#primaryimage"},"thumbnailUrl":"https:\/\/cocinasmarins.com\/wp-content\/uploads\/2025\/01\/almacenamiento-para-cocinas.webp","datePublished":"2024-11-20T13:17:40+00:00","dateModified":"2025-02-28T11:34:27+00:00","breadcrumb":{"@id":"https:\/\/cocinasmarins.com\/integracion-de-tecnologia-y-electrodomesticos-ocultos-en-el-diseno-de-cocinas-2025\/#breadcrumb"},"inLanguage":"en-GB","potentialAction":[{"@type":"ReadAction","target":["https:\/\/cocinasmarins.com\/integracion-de-tecnologia-y-electrodomesticos-ocultos-en-el-diseno-de-cocinas-2025\/"]}]},{"@type":"ImageObject","inLanguage":"en-GB","@id":"https:\/\/cocinasmarins.com\/integracion-de-tecnologia-y-electrodomesticos-ocultos-en-el-diseno-de-cocinas-2025\/#primaryimage","url":"https:\/\/cocinasmarins.com\/wp-content\/uploads\/2025\/01\/almacenamiento-para-cocinas.webp","contentUrl":"https:\/\/cocinasmarins.com\/wp-content\/uploads\/2025\/01\/almacenamiento-para-cocinas.webp","width":1080,"height":675,"caption":"Dise\u00f1o que une practicidad y elegancia en cada rinc\u00f3n."},{"@type":"BreadcrumbList","@id":"https:\/\/cocinasmarins.com\/integracion-de-tecnologia-y-electrodomesticos-ocultos-en-el-diseno-de-cocinas-2025\/#breadcrumb","itemListElement":[{"@type":"ListItem","position":1,"name":"Portada","item":"https:\/\/cocinasmarins.com\/"},{"@type":"ListItem","position":2,"name":"Integraci\u00f3n de Tecnolog\u00eda y Electrodom\u00e9sticos Ocultos en el Dise\u00f1o de Cocinas 2025"}]},{"@type":"WebSite","@id":"https:\/\/cocinasmarins.com\/#website","url":"https:\/\/cocinasmarins.com\/","name":"Cocinas Mar\u00edns","description":"F\u00e1brica de mobiliario de cocinas a medida","publisher":{"@id":"https:\/\/cocinasmarins.com\/#organization"},"potentialAction":[{"@type":"SearchAction","target":{"@type":"EntryPoint","urlTemplate":"https:\/\/cocinasmarins.com\/?s={search_term_string}"},"query-input":{"@type":"PropertyValueSpecification","valueRequired":true,"valueName":"search_term_string"}}],"inLanguage":"en-GB"},{"@type":"Organization","@id":"https:\/\/cocinasmarins.com\/#organization","name":"Cocinas Mar\u00edns","url":"https:\/\/cocinasmarins.com\/","logo":{"@type":"ImageObject","inLanguage":"en-GB","@id":"https:\/\/cocinasmarins.com\/#\/schema\/logo\/image\/","url":"https:\/\/cocinasmarins.com\/wp-content\/uploads\/2023\/02\/web-transparente.png","contentUrl":"https:\/\/cocinasmarins.com\/wp-content\/uploads\/2023\/02\/web-transparente.png","width":450,"height":270,"caption":"Cocinas Mar\u00edns"},"image":{"@id":"https:\/\/cocinasmarins.com\/#\/schema\/logo\/image\/"}},{"@type":"Person","@id":"https:\/\/cocinasmarins.com\/#\/schema\/person\/9b45207102901a46f2cc6c84fad59e84","name":"admin","image":{"@type":"ImageObject","inLanguage":"en-GB","@id":"https:\/\/cocinasmarins.com\/#\/schema\/person\/image\/","url":"https:\/\/secure.gravatar.com\/avatar\/8b0f71aede74be0cf005bbc42a0be6bd6096770f71fd188364269d7e0b893520?s=96&d=mm&r=g","contentUrl":"https:\/\/secure.gravatar.com\/avatar\/8b0f71aede74be0cf005bbc42a0be6bd6096770f71fd188364269d7e0b893520?s=96&d=mm&r=g","caption":"admin"},"sameAs":["https:\/\/cocinasmarins.com"],"url":"https:\/\/cocinasmarins.com\/en\/author\/admin\/"}]}},"rttpg_featured_image_url":{"full":["https:\/\/cocinasmarins.com\/wp-content\/uploads\/2025\/01\/almacenamiento-para-cocinas.webp",1080,675,false],"landscape":["https:\/\/cocinasmarins.com\/wp-content\/uploads\/2025\/01\/almacenamiento-para-cocinas.webp",1080,675,false],"portraits":["https:\/\/cocinasmarins.com\/wp-content\/uploads\/2025\/01\/almacenamiento-para-cocinas.webp",1080,675,false],"thumbnail":["https:\/\/cocinasmarins.com\/wp-content\/uploads\/2025\/01\/almacenamiento-para-cocinas-150x150.webp",150,150,true],"medium":["https:\/\/cocinasmarins.com\/wp-content\/uploads\/2025\/01\/almacenamiento-para-cocinas-300x188.webp",300,188,true],"large":["https:\/\/cocinasmarins.com\/wp-content\/uploads\/2025\/01\/almacenamiento-para-cocinas-1024x640.webp",800,500,true],"1536x1536":["https:\/\/cocinasmarins.com\/wp-content\/uploads\/2025\/01\/almacenamiento-para-cocinas.webp",1080,675,false],"2048x2048":["https:\/\/cocinasmarins.com\/wp-content\/uploads\/2025\/01\/almacenamiento-para-cocinas.webp",1080,675,false],"trp-custom-language-flag":["https:\/\/cocinasmarins.com\/wp-content\/uploads\/2025\/01\/almacenamiento-para-cocinas-18x12.webp",18,12,true]},"rttpg_author":{"display_name":"admin","author_link":"https:\/\/cocinasmarins.com\/en\/author\/admin\/"},"rttpg_comment":1,"rttpg_category":"<a href=\"https:\/\/cocinasmarins.com\/en\/category\/noticias\/\" rel=\"category tag\">Noticias<\/a>","rttpg_excerpt":"Integraci\u00f3n de Tecnolog\u00eda y Electrodom\u00e9sticos Ocultos en el Dise\u00f1o de Cocinas 2025 La cocina del futuro se perfila como un espacio donde la tecnolog\u00eda y el dise\u00f1o minimalista convergen para ofrecer funcionalidad y est\u00e9tica en perfecta armon\u00eda. En 2025, la integraci\u00f3n de electrodom\u00e9sticos inteligentes y soluciones de almacenamiento ocultas transformar\u00e1n nuestras cocinas en entornos m\u00e1s&hellip;","_links":{"self":[{"href":"https:\/\/cocinasmarins.com\/en\/wp-json\/wp\/v2\/posts\/2879","targetHints":{"allow":["GET"]}}],"collection":[{"href":"https:\/\/cocinasmarins.com\/en\/wp-json\/wp\/v2\/posts"}],"about":[{"href":"https:\/\/cocinasmarins.com\/en\/wp-json\/wp\/v2\/types\/post"}],"author":[{"embeddable":true,"href":"https:\/\/cocinasmarins.com\/en\/wp-json\/wp\/v2\/users\/3"}],"replies":[{"embeddable":true,"href":"https:\/\/cocinasmarins.com\/en\/wp-json\/wp\/v2\/comments?post=2879"}],"version-history":[{"count":17,"href":"https:\/\/cocinasmarins.com\/en\/wp-json\/wp\/v2\/posts\/2879\/revisions"}],"predecessor-version":[{"id":2956,"href":"https:\/\/cocinasmarins.com\/en\/wp-json\/wp\/v2\/posts\/2879\/revisions\/2956"}],"wp:featuredmedia":[{"embeddable":true,"href":"https:\/\/cocinasmarins.com\/en\/wp-json\/wp\/v2\/media\/2886"}],"wp:attachment":[{"href":"https:\/\/cocinasmarins.com\/en\/wp-json\/wp\/v2\/media?parent=2879"}],"wp:term":[{"taxonomy":"category","embeddable":true,"href":"https:\/\/cocinasmarins.com\/en\/wp-json\/wp\/v2\/categories?post=2879"},{"taxonomy":"post_tag","embeddable":true,"href":"https:\/\/cocinasmarins.com\/en\/wp-json\/wp\/v2\/tags?post=2879"}],"curies":[{"name":"wp","href":"https:\/\/api.w.org\/{rel}","templated":true}]}}