{"id":2833,"date":"2025-02-05T13:45:25","date_gmt":"2025-02-05T12:45:25","guid":{"rendered":"https:\/\/cocinasmarins.com\/?p=2833"},"modified":"2025-02-28T12:34:48","modified_gmt":"2025-02-28T11:34:48","slug":"materiales-naturales-y-acabados-texturizados-en-el-diseno-de-cocinas-2025","status":"publish","type":"post","link":"https:\/\/cocinasmarins.com\/en\/materiales-naturales-y-acabados-texturizados-en-el-diseno-de-cocinas-2025\/","title":{"rendered":"Materiales Naturales y Acabados Texturizados en el Dise\u00f1o de Cocinas 2025"},"content":{"rendered":"<div data-elementor-type=\"wp-post\" data-elementor-id=\"2833\" class=\"elementor elementor-2833\">\n\t\t\t\t<div class=\"elementor-element elementor-element-66520d0e e-flex e-con-boxed e-con e-parent\" data-id=\"66520d0e\" data-element_type=\"container\" data-e-type=\"container\">\n\t\t\t\t\t<div class=\"e-con-inner\">\n\t\t\t\t<div class=\"elementor-element elementor-element-3d612168 elementor-widget__width-initial elementor-widget elementor-widget-heading\" data-id=\"3d612168\" data-element_type=\"widget\" data-e-type=\"widget\" data-widget_type=\"heading.default\">\n\t\t\t\t<div class=\"elementor-widget-container\">\n\t\t\t\t\t<h1 class=\"elementor-heading-title elementor-size-default\">Materiales Naturales y Acabados Texturizados en el Dise\u00f1o de Cocinas 2025<\/h1>\t\t\t\t<\/div>\n\t\t\t\t<\/div>\n\t\t\t\t\t<\/div>\n\t\t\t\t<\/div>\n\t\t<div class=\"elementor-element elementor-element-54857241 e-flex e-con-boxed e-con e-parent\" data-id=\"54857241\" data-element_type=\"container\" data-e-type=\"container\">\n\t\t\t\t\t<div class=\"e-con-inner\">\n\t\t\t\t<div class=\"elementor-element elementor-element-3d0c1562 elementor-widget__width-initial elementor-widget elementor-widget-text-editor\" data-id=\"3d0c1562\" data-element_type=\"widget\" data-e-type=\"widget\" data-widget_type=\"text-editor.default\">\n\t\t\t\t<div class=\"elementor-widget-container\">\n\t\t\t\t\t\t\t\t\t<p>La tendencia hacia la incorporaci\u00f3n de <b>materiales naturales y acabados texturizados<\/b> en el dise\u00f1o de cocinas se consolida en 2025, aportando calidez, autenticidad y sofisticaci\u00f3n a estos espacios. A continuaci\u00f3n, se presentan tres ejemplos que ilustran c\u00f3mo esta tendencia se materializa en <b>dise\u00f1os contempor\u00e1neos<\/b>:<\/p>\t\t\t\t\t\t\t\t<\/div>\n\t\t\t\t<\/div>\n\t\t\t\t<div class=\"elementor-element elementor-element-42fa2d72 elementor-widget elementor-widget-image\" data-id=\"42fa2d72\" data-element_type=\"widget\" data-e-type=\"widget\" data-widget_type=\"image.default\">\n\t\t\t\t<div class=\"elementor-widget-container\">\n\t\t\t\t\t\t\t\t\t\t\t\t\t\t\t<img fetchpriority=\"high\" decoding=\"async\" width=\"768\" height=\"480\" src=\"https:\/\/cocinasmarins.com\/wp-content\/uploads\/2025\/01\/cocina-moderna-768x480.webp\" class=\"attachment-medium_large size-medium_large wp-image-2843\" alt=\"Cocina moderna con l\u00edneas limpias y acabados minimalistas.\" srcset=\"https:\/\/cocinasmarins.com\/wp-content\/uploads\/2025\/01\/cocina-moderna-768x480.webp 768w, https:\/\/cocinasmarins.com\/wp-content\/uploads\/2025\/01\/cocina-moderna-300x188.webp 300w, https:\/\/cocinasmarins.com\/wp-content\/uploads\/2025\/01\/cocina-moderna-1024x640.webp 1024w, https:\/\/cocinasmarins.com\/wp-content\/uploads\/2025\/01\/cocina-moderna-18x12.webp 18w, https:\/\/cocinasmarins.com\/wp-content\/uploads\/2025\/01\/cocina-moderna.webp 1080w\" sizes=\"(max-width: 768px) 100vw, 768px\" \/>\t\t\t\t\t\t\t\t\t\t\t\t\t\t\t<\/div>\n\t\t\t\t<\/div>\n\t\t\t\t\t<\/div>\n\t\t\t\t<\/div>\n\t\t<div class=\"elementor-element elementor-element-312ef2f e-flex e-con-boxed e-con e-parent\" data-id=\"312ef2f\" data-element_type=\"container\" data-e-type=\"container\">\n\t\t\t\t\t<div class=\"e-con-inner\">\n\t\t\t\t<div class=\"elementor-element elementor-element-6b4f341c elementor-widget__width-initial elementor-widget elementor-widget-heading\" data-id=\"6b4f341c\" data-element_type=\"widget\" data-e-type=\"widget\" data-widget_type=\"heading.default\">\n\t\t\t\t<div class=\"elementor-widget-container\">\n\t\t\t\t\t<h2 class=\"elementor-heading-title elementor-size-default\">Encimeras de M\u00e1rmol con Acabado Mate<\/h2>\t\t\t\t<\/div>\n\t\t\t\t<\/div>\n\t\t\t\t<div class=\"elementor-element elementor-element-6d8efae4 elementor-widget__width-initial elementor-widget elementor-widget-text-editor\" data-id=\"6d8efae4\" data-element_type=\"widget\" data-e-type=\"widget\" data-widget_type=\"text-editor.default\">\n\t\t\t\t<div class=\"elementor-widget-container\">\n\t\t\t\t\t\t\t\t\t<p>El m\u00e1rmol sigue siendo un material predilecto para <b>encimeras<\/b> debido a su elegancia y durabilidad. En 2025, se opta por<b> acabados mate o satinados <\/b>que realzan la textura natural de la piedra, ofreciendo una superficie suave al tacto y menos propensa a mostrar marcas de uso. Este tipo de acabado aporta una est\u00e9tica contempor\u00e1nea y sofisticada, integr\u00e1ndose armoniosamente en <b>cocinas de estilo moderno<\/b>.<\/p>\t\t\t\t\t\t\t\t<\/div>\n\t\t\t\t<\/div>\n\t\t\t\t<div class=\"elementor-element elementor-element-127ccdef elementor-widget elementor-widget-image\" data-id=\"127ccdef\" data-element_type=\"widget\" data-e-type=\"widget\" data-widget_type=\"image.default\">\n\t\t\t\t<div class=\"elementor-widget-container\">\n\t\t\t\t\t\t\t\t\t\t\t\t\t\t\t<img decoding=\"async\" width=\"768\" height=\"480\" data-src=\"https:\/\/cocinasmarins.com\/wp-content\/uploads\/2025\/01\/Encimeras-de-Marmol-con-Acabado-Mate-768x480.webp\" class=\"attachment-medium_large size-medium_large wp-image-2840 lazyload\" alt=\"Cocina con encimeras de m\u00e1rmol mate que combinan lujo y practicidad.\" data-srcset=\"https:\/\/cocinasmarins.com\/wp-content\/uploads\/2025\/01\/Encimeras-de-Marmol-con-Acabado-Mate-768x480.webp 768w, https:\/\/cocinasmarins.com\/wp-content\/uploads\/2025\/01\/Encimeras-de-Marmol-con-Acabado-Mate-300x188.webp 300w, https:\/\/cocinasmarins.com\/wp-content\/uploads\/2025\/01\/Encimeras-de-Marmol-con-Acabado-Mate-1024x640.webp 1024w, https:\/\/cocinasmarins.com\/wp-content\/uploads\/2025\/01\/Encimeras-de-Marmol-con-Acabado-Mate-18x12.webp 18w, https:\/\/cocinasmarins.com\/wp-content\/uploads\/2025\/01\/Encimeras-de-Marmol-con-Acabado-Mate.webp 1080w\" data-sizes=\"(max-width: 768px) 100vw, 768px\" src=\"data:image\/gif;base64,R0lGODlhAQABAAAAACH5BAEKAAEALAAAAAABAAEAAAICTAEAOw==\" style=\"--smush-placeholder-width: 768px; --smush-placeholder-aspect-ratio: 768\/480;\" \/><noscript><img decoding=\"async\" width=\"768\" height=\"480\" src=\"https:\/\/cocinasmarins.com\/wp-content\/uploads\/2025\/01\/Encimeras-de-Marmol-con-Acabado-Mate-768x480.webp\" class=\"attachment-medium_large size-medium_large wp-image-2840\" alt=\"Cocina con encimeras de m\u00e1rmol mate que combinan lujo y practicidad.\" srcset=\"https:\/\/cocinasmarins.com\/wp-content\/uploads\/2025\/01\/Encimeras-de-Marmol-con-Acabado-Mate-768x480.webp 768w, https:\/\/cocinasmarins.com\/wp-content\/uploads\/2025\/01\/Encimeras-de-Marmol-con-Acabado-Mate-300x188.webp 300w, https:\/\/cocinasmarins.com\/wp-content\/uploads\/2025\/01\/Encimeras-de-Marmol-con-Acabado-Mate-1024x640.webp 1024w, https:\/\/cocinasmarins.com\/wp-content\/uploads\/2025\/01\/Encimeras-de-Marmol-con-Acabado-Mate-18x12.webp 18w, https:\/\/cocinasmarins.com\/wp-content\/uploads\/2025\/01\/Encimeras-de-Marmol-con-Acabado-Mate.webp 1080w\" sizes=\"(max-width: 768px) 100vw, 768px\" \/><\/noscript>\t\t\t\t\t\t\t\t\t\t\t\t\t\t\t<\/div>\n\t\t\t\t<\/div>\n\t\t\t\t<div class=\"elementor-element elementor-element-44b6c3bd elementor-widget__width-initial elementor-widget elementor-widget-heading\" data-id=\"44b6c3bd\" data-element_type=\"widget\" data-e-type=\"widget\" data-widget_type=\"heading.default\">\n\t\t\t\t<div class=\"elementor-widget-container\">\n\t\t\t\t\t<h2 class=\"elementor-heading-title elementor-size-default\">Frentes de Armarios en Madera Recuperada<\/h2>\t\t\t\t<\/div>\n\t\t\t\t<\/div>\n\t\t\t\t<div class=\"elementor-element elementor-element-23463279 elementor-widget__width-initial elementor-widget elementor-widget-text-editor\" data-id=\"23463279\" data-element_type=\"widget\" data-e-type=\"widget\" data-widget_type=\"text-editor.default\">\n\t\t\t\t<div class=\"elementor-widget-container\">\n\t\t\t\t\t\t\t\t\t<p>La <b>sostenibilidad y el respeto por el medio ambiente<\/b> impulsan el uso de materiales reciclados en el dise\u00f1o de cocinas. Los frentes de armarios fabricados con<b> madera recuperada<\/b> no solo contribuyen a la <b>conservaci\u00f3n de recursos<\/b>, sino que tambi\u00e9n aportan una textura \u00fanica y un car\u00e1cter distintivo al espacio. Las vetas y tonalidades variables de la madera reciclada crean un ambiente acogedor y personalizado, reflejando un compromiso con la ecolog\u00eda y el dise\u00f1o responsable.<\/p>\t\t\t\t\t\t\t\t<\/div>\n\t\t\t\t<\/div>\n\t\t\t\t<div class=\"elementor-element elementor-element-4f152a7 elementor-widget elementor-widget-image\" data-id=\"4f152a7\" data-element_type=\"widget\" data-e-type=\"widget\" data-widget_type=\"image.default\">\n\t\t\t\t<div class=\"elementor-widget-container\">\n\t\t\t\t\t\t\t\t\t\t\t\t\t\t\t<img decoding=\"async\" width=\"768\" height=\"480\" data-src=\"https:\/\/cocinasmarins.com\/wp-content\/uploads\/2025\/01\/ARMARios-de-madera-para-cocina-768x480.webp\" class=\"attachment-medium_large size-medium_large wp-image-2841 lazyload\" alt=\"Armarios de madera natural dise\u00f1ados para cocinas modernas y c\u00e1lidas.\" data-srcset=\"https:\/\/cocinasmarins.com\/wp-content\/uploads\/2025\/01\/ARMARios-de-madera-para-cocina-768x480.webp 768w, https:\/\/cocinasmarins.com\/wp-content\/uploads\/2025\/01\/ARMARios-de-madera-para-cocina-300x188.webp 300w, https:\/\/cocinasmarins.com\/wp-content\/uploads\/2025\/01\/ARMARios-de-madera-para-cocina-1024x640.webp 1024w, https:\/\/cocinasmarins.com\/wp-content\/uploads\/2025\/01\/ARMARios-de-madera-para-cocina-18x12.webp 18w, https:\/\/cocinasmarins.com\/wp-content\/uploads\/2025\/01\/ARMARios-de-madera-para-cocina.webp 1080w\" data-sizes=\"(max-width: 768px) 100vw, 768px\" src=\"data:image\/gif;base64,R0lGODlhAQABAAAAACH5BAEKAAEALAAAAAABAAEAAAICTAEAOw==\" style=\"--smush-placeholder-width: 768px; --smush-placeholder-aspect-ratio: 768\/480;\" \/><noscript><img decoding=\"async\" width=\"768\" height=\"480\" src=\"https:\/\/cocinasmarins.com\/wp-content\/uploads\/2025\/01\/ARMARios-de-madera-para-cocina-768x480.webp\" class=\"attachment-medium_large size-medium_large wp-image-2841\" alt=\"Armarios de madera natural dise\u00f1ados para cocinas modernas y c\u00e1lidas.\" srcset=\"https:\/\/cocinasmarins.com\/wp-content\/uploads\/2025\/01\/ARMARios-de-madera-para-cocina-768x480.webp 768w, https:\/\/cocinasmarins.com\/wp-content\/uploads\/2025\/01\/ARMARios-de-madera-para-cocina-300x188.webp 300w, https:\/\/cocinasmarins.com\/wp-content\/uploads\/2025\/01\/ARMARios-de-madera-para-cocina-1024x640.webp 1024w, https:\/\/cocinasmarins.com\/wp-content\/uploads\/2025\/01\/ARMARios-de-madera-para-cocina-18x12.webp 18w, https:\/\/cocinasmarins.com\/wp-content\/uploads\/2025\/01\/ARMARios-de-madera-para-cocina.webp 1080w\" sizes=\"(max-width: 768px) 100vw, 768px\" \/><\/noscript>\t\t\t\t\t\t\t\t\t\t\t\t\t\t\t<\/div>\n\t\t\t\t<\/div>\n\t\t\t\t<div class=\"elementor-element elementor-element-24f48476 elementor-widget__width-initial elementor-widget elementor-widget-heading\" data-id=\"24f48476\" data-element_type=\"widget\" data-e-type=\"widget\" data-widget_type=\"heading.default\">\n\t\t\t\t<div class=\"elementor-widget-container\">\n\t\t\t\t\t<h2 class=\"elementor-heading-title elementor-size-default\">Superficies de Piedra Sinterizada con Textura Org\u00e1nica<\/h2>\t\t\t\t<\/div>\n\t\t\t\t<\/div>\n\t\t\t\t<div class=\"elementor-element elementor-element-129df82a elementor-widget__width-initial elementor-widget elementor-widget-text-editor\" data-id=\"129df82a\" data-element_type=\"widget\" data-e-type=\"widget\" data-widget_type=\"text-editor.default\">\n\t\t\t\t<div class=\"elementor-widget-container\">\n\t\t\t\t\t\t\t\t\t<p>La <b>piedra sinterizada<\/b> emerge como una opci\u00f3n innovadora para superficies de cocina en 2025. Este material combina la<b> resistencia y durabilidad<\/b> de la piedra natural con la posibilidad de incorporar texturas org\u00e1nicas que imitan acabados como el m\u00e1rmol o el granito. Las superficies de piedra sinterizada con texturas sutiles aportan profundidad visual y una sensaci\u00f3n t\u00e1ctil agradable, elevando la est\u00e9tica de la cocina mientras ofrecen practicidad y <b>f\u00e1cil mantenimiento.<\/b><\/p>\t\t\t\t\t\t\t\t<\/div>\n\t\t\t\t<\/div>\n\t\t\t\t<div class=\"elementor-element elementor-element-307d4841 elementor-widget elementor-widget-image\" data-id=\"307d4841\" data-element_type=\"widget\" data-e-type=\"widget\" data-widget_type=\"image.default\">\n\t\t\t\t<div class=\"elementor-widget-container\">\n\t\t\t\t\t\t\t\t\t\t\t\t\t\t\t<img loading=\"lazy\" decoding=\"async\" width=\"768\" height=\"480\" data-src=\"https:\/\/cocinasmarins.com\/wp-content\/uploads\/2025\/01\/cocina-con-piedra-sinterizada-768x480.webp\" class=\"attachment-medium_large size-medium_large wp-image-2842 lazyload\" alt=\"Cocina moderna con encimera y backsplash de piedra sinterizada\" data-srcset=\"https:\/\/cocinasmarins.com\/wp-content\/uploads\/2025\/01\/cocina-con-piedra-sinterizada-768x480.webp 768w, https:\/\/cocinasmarins.com\/wp-content\/uploads\/2025\/01\/cocina-con-piedra-sinterizada-300x188.webp 300w, https:\/\/cocinasmarins.com\/wp-content\/uploads\/2025\/01\/cocina-con-piedra-sinterizada-1024x640.webp 1024w, https:\/\/cocinasmarins.com\/wp-content\/uploads\/2025\/01\/cocina-con-piedra-sinterizada-18x12.webp 18w, https:\/\/cocinasmarins.com\/wp-content\/uploads\/2025\/01\/cocina-con-piedra-sinterizada.webp 1080w\" data-sizes=\"(max-width: 768px) 100vw, 768px\" src=\"data:image\/gif;base64,R0lGODlhAQABAAAAACH5BAEKAAEALAAAAAABAAEAAAICTAEAOw==\" style=\"--smush-placeholder-width: 768px; --smush-placeholder-aspect-ratio: 768\/480;\" \/><noscript><img loading=\"lazy\" decoding=\"async\" width=\"768\" height=\"480\" src=\"https:\/\/cocinasmarins.com\/wp-content\/uploads\/2025\/01\/cocina-con-piedra-sinterizada-768x480.webp\" class=\"attachment-medium_large size-medium_large wp-image-2842\" alt=\"Cocina moderna con encimera y backsplash de piedra sinterizada\" srcset=\"https:\/\/cocinasmarins.com\/wp-content\/uploads\/2025\/01\/cocina-con-piedra-sinterizada-768x480.webp 768w, https:\/\/cocinasmarins.com\/wp-content\/uploads\/2025\/01\/cocina-con-piedra-sinterizada-300x188.webp 300w, https:\/\/cocinasmarins.com\/wp-content\/uploads\/2025\/01\/cocina-con-piedra-sinterizada-1024x640.webp 1024w, https:\/\/cocinasmarins.com\/wp-content\/uploads\/2025\/01\/cocina-con-piedra-sinterizada-18x12.webp 18w, https:\/\/cocinasmarins.com\/wp-content\/uploads\/2025\/01\/cocina-con-piedra-sinterizada.webp 1080w\" sizes=\"(max-width: 768px) 100vw, 768px\" \/><\/noscript>\t\t\t\t\t\t\t\t\t\t\t\t\t\t\t<\/div>\n\t\t\t\t<\/div>\n\t\t\t\t<div class=\"elementor-element elementor-element-5ae14d87 elementor-widget__width-initial elementor-widget elementor-widget-heading\" data-id=\"5ae14d87\" data-element_type=\"widget\" data-e-type=\"widget\" data-widget_type=\"heading.default\">\n\t\t\t\t<div class=\"elementor-widget-container\">\n\t\t\t\t\t<h2 class=\"elementor-heading-title elementor-size-default\">\u00a1Transforma tu Cocina con Materiales Naturales!<\/h2>\t\t\t\t<\/div>\n\t\t\t\t<\/div>\n\t\t\t\t<div class=\"elementor-element elementor-element-6aba5ed8 elementor-widget__width-initial elementor-widget elementor-widget-text-editor\" data-id=\"6aba5ed8\" data-element_type=\"widget\" data-e-type=\"widget\" data-widget_type=\"text-editor.default\">\n\t\t\t\t<div class=\"elementor-widget-container\">\n\t\t\t\t\t\t\t\t\t<p>La integraci\u00f3n de<b> materiales naturales<\/b> y acabados texturizados en el dise\u00f1o de cocinas para 2025 refleja una b\u00fasqueda de autenticidad y<b> conexi\u00f3n con la naturaleza<\/b>, creando espacios que son tanto funcionales como visualmente atractivos. Estas tendencias no solo aportan una est\u00e9tica renovada, sino que tambi\u00e9n promueven pr\u00e1cticas sostenibles y responsables en la elecci\u00f3n de materiales.<\/p>\t\t\t\t\t\t\t\t<\/div>\n\t\t\t\t<\/div>\n\t\t\t\t<div class=\"elementor-element elementor-element-4f9d8145 elementor-widget__width-initial elementor-widget elementor-widget-text-editor\" data-id=\"4f9d8145\" data-element_type=\"widget\" data-e-type=\"widget\" data-widget_type=\"text-editor.default\">\n\t\t\t\t<div class=\"elementor-widget-container\">\n\t\t\t\t\t\t\t\t\t<p>Si est\u00e1s considerando <b>renovar tu cocina<\/b> y deseas incorporar estas tendencias, es fundamental contar con profesionales que te asesoren en la selecci\u00f3n de materiales y dise\u00f1os adecuados a tus necesidades y estilo de vida. La elecci\u00f3n de encimeras de m\u00e1rmol mate, frentes de armarios en madera recuperada o superficies de piedra sinterizada puede transformar tu espacio en un <b>ambiente moderno, sostenible y lleno de personalida<\/b>d.<\/p>\t\t\t\t\t\t\t\t<\/div>\n\t\t\t\t<\/div>\n\t\t\t\t<div class=\"elementor-element elementor-element-68e172aa elementor-widget elementor-widget-text-editor\" data-id=\"68e172aa\" data-element_type=\"widget\" data-e-type=\"widget\" data-widget_type=\"text-editor.default\">\n\t\t\t\t<div class=\"elementor-widget-container\">\n\t\t\t\t\t\t\t\t\t<strong>\u00a1Empieza tu proyecto de renovaci\u00f3n hoy mismo!<\/strong>\t\t\t\t\t\t\t\t<\/div>\n\t\t\t\t<\/div>\n\t\t\t\t<div class=\"elementor-element elementor-element-4d0b67a8 elementor-widget elementor-widget-button\" data-id=\"4d0b67a8\" data-element_type=\"widget\" data-e-type=\"widget\" data-widget_type=\"button.default\">\n\t\t\t\t<div class=\"elementor-widget-container\">\n\t\t\t\t\t\t\t\t\t<div class=\"elementor-button-wrapper\">\n\t\t\t\t\t<a class=\"elementor-button elementor-button-link elementor-size-sm\" href=\"https:\/\/cocinasmarins.com\/en\/contacto\/\">\n\t\t\t\t\t\t<span class=\"elementor-button-content-wrapper\">\n\t\t\t\t\t\t\t\t\t<span class=\"elementor-button-text\">CONTACTAR<\/span>\n\t\t\t\t\t<\/span>\n\t\t\t\t\t<\/a>\n\t\t\t\t<\/div>\n\t\t\t\t\t\t\t\t<\/div>\n\t\t\t\t<\/div>\n\t\t<div class=\"elementor-element elementor-element-716f696 e-con-full e-flex e-con e-child\" data-id=\"716f696\" data-element_type=\"container\" data-e-type=\"container\" data-settings=\"{&quot;background_background&quot;:&quot;classic&quot;}\">\n\t\t\t\t<div class=\"elementor-element elementor-element-4760fe7 elementor-widget__width-initial elementor-widget elementor-widget-heading\" data-id=\"4760fe7\" data-element_type=\"widget\" data-e-type=\"widget\" data-widget_type=\"heading.default\">\n\t\t\t\t<div class=\"elementor-widget-container\">\n\t\t\t\t\t<span class=\"elementor-heading-title elementor-size-default\">\u00bfListo para tu cocina ideal? <\/span>\t\t\t\t<\/div>\n\t\t\t\t<\/div>\n\t\t\t\t<div class=\"elementor-element elementor-element-3bc96c1 elementor-widget elementor-widget-heading\" data-id=\"3bc96c1\" data-element_type=\"widget\" data-e-type=\"widget\" data-widget_type=\"heading.default\">\n\t\t\t\t<div class=\"elementor-widget-container\">\n\t\t\t\t\t<h3 class=\"elementor-heading-title elementor-size-default\">\u00a1No esperes m\u00e1s, y cont\u00e1ctanos hoy mismo!<\/h3>\t\t\t\t<\/div>\n\t\t\t\t<\/div>\n\t\t\t\t<div class=\"elementor-element elementor-element-35150e9 elementor-widget__width-initial elementor-widget elementor-widget-heading\" data-id=\"35150e9\" data-element_type=\"widget\" data-e-type=\"widget\" data-widget_type=\"heading.default\">\n\t\t\t\t<div class=\"elementor-widget-container\">\n\t\t\t\t\t<h4 class=\"elementor-heading-title elementor-size-default\">Si est\u00e1s inspirado por estas ideas y deseas transformar tu cocina en un espacio moderno y funcional, no dudes en contactarnos.<\/h4>\t\t\t\t<\/div>\n\t\t\t\t<\/div>\n\t\t\t\t<div class=\"elementor-element elementor-element-3f90bc6 elementor-widget__width-initial elementor-widget elementor-widget-heading\" data-id=\"3f90bc6\" data-element_type=\"widget\" data-e-type=\"widget\" data-widget_type=\"heading.default\">\n\t\t\t\t<div class=\"elementor-widget-container\">\n\t\t\t\t\t<h4 class=\"elementor-heading-title elementor-size-default\">Podemos ayudarte a crear la cocina de tus sue\u00f1os, adaptada a tus necesidades y preferencias.<\/h4>\t\t\t\t<\/div>\n\t\t\t\t<\/div>\n\t\t\t\t<div class=\"elementor-element elementor-element-19bdf42 elementor-arrows-position-outside elementor-invisible elementor-widget elementor-widget-image-carousel\" data-id=\"19bdf42\" data-element_type=\"widget\" data-e-type=\"widget\" data-settings=\"{&quot;slides_to_show&quot;:&quot;3&quot;,&quot;slides_to_scroll&quot;:&quot;1&quot;,&quot;navigation&quot;:&quot;arrows&quot;,&quot;_animation&quot;:&quot;fadeInUp&quot;,&quot;_animation_delay&quot;:400,&quot;autoplay&quot;:&quot;yes&quot;,&quot;pause_on_hover&quot;:&quot;yes&quot;,&quot;pause_on_interaction&quot;:&quot;yes&quot;,&quot;autoplay_speed&quot;:5000,&quot;infinite&quot;:&quot;yes&quot;,&quot;speed&quot;:500,&quot;image_spacing_custom&quot;:{&quot;unit&quot;:&quot;px&quot;,&quot;size&quot;:20,&quot;sizes&quot;:[]},&quot;image_spacing_custom_tablet&quot;:{&quot;unit&quot;:&quot;px&quot;,&quot;size&quot;:&quot;&quot;,&quot;sizes&quot;:[]},&quot;image_spacing_custom_mobile&quot;:{&quot;unit&quot;:&quot;px&quot;,&quot;size&quot;:&quot;&quot;,&quot;sizes&quot;:[]}}\" data-widget_type=\"image-carousel.default\">\n\t\t\t\t<div class=\"elementor-widget-container\">\n\t\t\t\t\t\t\t<div class=\"elementor-image-carousel-wrapper swiper\" role=\"region\" aria-roledescription=\"carousel\" aria-label=\"Carrusel de im\u00e1genes\" dir=\"ltr\">\n\t\t\t<div class=\"elementor-image-carousel swiper-wrapper swiper-image-stretch\" aria-live=\"off\">\n\t\t\t\t\t\t\t\t<div class=\"swiper-slide\" role=\"group\" aria-roledescription=\"slide\" aria-label=\"1 de 18\"><figure class=\"swiper-slide-inner\"><img decoding=\"async\" class=\"swiper-slide-image lazyload\" data-src=\"https:\/\/cocinasmarins.com\/wp-content\/uploads\/elementor\/thumbs\/Cocina-en-antracita-y-nogal-rf82o6zqf5gafxyo91wwj9cgw5ugvo4x0pzjvbduow.jpg\" alt=\"Cocina-en-antracita-y-nogal\" src=\"data:image\/gif;base64,R0lGODlhAQABAAAAACH5BAEKAAEALAAAAAABAAEAAAICTAEAOw==\" style=\"--smush-placeholder-width: 400px; --smush-placeholder-aspect-ratio: 400\/400;\" \/><noscript><img decoding=\"async\" class=\"swiper-slide-image\" src=\"https:\/\/cocinasmarins.com\/wp-content\/uploads\/elementor\/thumbs\/Cocina-en-antracita-y-nogal-rf82o6zqf5gafxyo91wwj9cgw5ugvo4x0pzjvbduow.jpg\" alt=\"Cocina-en-antracita-y-nogal\" \/><\/noscript><\/figure><\/div><div class=\"swiper-slide\" role=\"group\" aria-roledescription=\"slide\" aria-label=\"2 de 18\"><figure class=\"swiper-slide-inner\"><img decoding=\"async\" class=\"swiper-slide-image lazyload\" data-src=\"https:\/\/cocinasmarins.com\/wp-content\/uploads\/elementor\/thumbs\/vitrina-de-nogal-madera-rf82o6zqf5gafxyo91wwj9cgw5ugvo4x0pzjvbduow.jpg\" alt=\"Vitrina de madera con luz led\" src=\"data:image\/gif;base64,R0lGODlhAQABAAAAACH5BAEKAAEALAAAAAABAAEAAAICTAEAOw==\" style=\"--smush-placeholder-width: 400px; --smush-placeholder-aspect-ratio: 400\/400;\" \/><noscript><img decoding=\"async\" class=\"swiper-slide-image\" src=\"https:\/\/cocinasmarins.com\/wp-content\/uploads\/elementor\/thumbs\/vitrina-de-nogal-madera-rf82o6zqf5gafxyo91wwj9cgw5ugvo4x0pzjvbduow.jpg\" alt=\"Vitrina de madera con luz led\" \/><\/noscript><\/figure><\/div><div class=\"swiper-slide\" role=\"group\" aria-roledescription=\"slide\" aria-label=\"3 de 18\"><figure class=\"swiper-slide-inner\"><img decoding=\"async\" class=\"swiper-slide-image lazyload\" data-src=\"https:\/\/cocinasmarins.com\/wp-content\/uploads\/elementor\/thumbs\/cocina-con-nogal-rf82o6zqf5gafxyo91wwj9cgw5ugvo4x0pzjvbduow.jpg\" alt=\"cocina-con-nogal\" src=\"data:image\/gif;base64,R0lGODlhAQABAAAAACH5BAEKAAEALAAAAAABAAEAAAICTAEAOw==\" style=\"--smush-placeholder-width: 400px; --smush-placeholder-aspect-ratio: 400\/400;\" \/><noscript><img decoding=\"async\" class=\"swiper-slide-image\" src=\"https:\/\/cocinasmarins.com\/wp-content\/uploads\/elementor\/thumbs\/cocina-con-nogal-rf82o6zqf5gafxyo91wwj9cgw5ugvo4x0pzjvbduow.jpg\" alt=\"cocina-con-nogal\" \/><\/noscript><\/figure><\/div><div class=\"swiper-slide\" role=\"group\" aria-roledescription=\"slide\" aria-label=\"4 de 18\"><figure class=\"swiper-slide-inner\"><img decoding=\"async\" class=\"swiper-slide-image lazyload\" data-src=\"https:\/\/cocinasmarins.com\/wp-content\/uploads\/elementor\/thumbs\/Cocina-lacada-blanca-con-desayunador-de-roble-rf82o6zqf5gafxyo91wwj9cgw5ugvo4x0pzjvbduow.jpg\" alt=\"Cocina-lacada-blanca-con-desayunador-de-roble\" src=\"data:image\/gif;base64,R0lGODlhAQABAAAAACH5BAEKAAEALAAAAAABAAEAAAICTAEAOw==\" style=\"--smush-placeholder-width: 400px; --smush-placeholder-aspect-ratio: 400\/400;\" \/><noscript><img decoding=\"async\" class=\"swiper-slide-image\" src=\"https:\/\/cocinasmarins.com\/wp-content\/uploads\/elementor\/thumbs\/Cocina-lacada-blanca-con-desayunador-de-roble-rf82o6zqf5gafxyo91wwj9cgw5ugvo4x0pzjvbduow.jpg\" alt=\"Cocina-lacada-blanca-con-desayunador-de-roble\" \/><\/noscript><\/figure><\/div><div class=\"swiper-slide\" role=\"group\" aria-roledescription=\"slide\" aria-label=\"5 de 18\"><figure class=\"swiper-slide-inner\"><img decoding=\"async\" class=\"swiper-slide-image lazyload\" data-src=\"https:\/\/cocinasmarins.com\/wp-content\/uploads\/elementor\/thumbs\/desayunador-de-roble-rf82o6zqf5gafxyo91wwj9cgw5ugvo4x0pzjvbduow.jpg\" alt=\"desayunador-de-roble\" src=\"data:image\/gif;base64,R0lGODlhAQABAAAAACH5BAEKAAEALAAAAAABAAEAAAICTAEAOw==\" style=\"--smush-placeholder-width: 400px; --smush-placeholder-aspect-ratio: 400\/400;\" \/><noscript><img decoding=\"async\" class=\"swiper-slide-image\" src=\"https:\/\/cocinasmarins.com\/wp-content\/uploads\/elementor\/thumbs\/desayunador-de-roble-rf82o6zqf5gafxyo91wwj9cgw5ugvo4x0pzjvbduow.jpg\" alt=\"desayunador-de-roble\" \/><\/noscript><\/figure><\/div><div class=\"swiper-slide\" role=\"group\" aria-roledescription=\"slide\" aria-label=\"6 de 18\"><figure class=\"swiper-slide-inner\"><img decoding=\"async\" class=\"swiper-slide-image lazyload\" data-src=\"https:\/\/cocinasmarins.com\/wp-content\/uploads\/elementor\/thumbs\/vitrina-de-madera-cocina-rf82o6zqf5gafxyo91wwj9cgw5ugvo4x0pzjvbduow.jpg\" alt=\"vitrina iluminada con luz led\" src=\"data:image\/gif;base64,R0lGODlhAQABAAAAACH5BAEKAAEALAAAAAABAAEAAAICTAEAOw==\" style=\"--smush-placeholder-width: 400px; --smush-placeholder-aspect-ratio: 400\/400;\" \/><noscript><img decoding=\"async\" class=\"swiper-slide-image\" src=\"https:\/\/cocinasmarins.com\/wp-content\/uploads\/elementor\/thumbs\/vitrina-de-madera-cocina-rf82o6zqf5gafxyo91wwj9cgw5ugvo4x0pzjvbduow.jpg\" alt=\"vitrina iluminada con luz led\" \/><\/noscript><\/figure><\/div><div class=\"swiper-slide\" role=\"group\" aria-roledescription=\"slide\" aria-label=\"7 de 18\"><figure class=\"swiper-slide-inner\"><img decoding=\"async\" class=\"swiper-slide-image lazyload\" data-src=\"https:\/\/cocinasmarins.com\/wp-content\/uploads\/elementor\/thumbs\/cocina-con-tiradores-de-barra-y-encimera-de-marmol-rf82o6zqf5gafxyo91wwj9cgw5ugvo4x0pzjvbduow.jpg\" alt=\"cocina-con-tiradores-de-barra-y-encimera-de-m\u00e1rmol\" src=\"data:image\/gif;base64,R0lGODlhAQABAAAAACH5BAEKAAEALAAAAAABAAEAAAICTAEAOw==\" style=\"--smush-placeholder-width: 400px; --smush-placeholder-aspect-ratio: 400\/400;\" \/><noscript><img decoding=\"async\" class=\"swiper-slide-image\" src=\"https:\/\/cocinasmarins.com\/wp-content\/uploads\/elementor\/thumbs\/cocina-con-tiradores-de-barra-y-encimera-de-marmol-rf82o6zqf5gafxyo91wwj9cgw5ugvo4x0pzjvbduow.jpg\" alt=\"cocina-con-tiradores-de-barra-y-encimera-de-m\u00e1rmol\" \/><\/noscript><\/figure><\/div><div class=\"swiper-slide\" role=\"group\" aria-roledescription=\"slide\" aria-label=\"8 de 18\"><figure class=\"swiper-slide-inner\"><img decoding=\"async\" class=\"swiper-slide-image lazyload\" data-src=\"https:\/\/cocinasmarins.com\/wp-content\/uploads\/elementor\/thumbs\/Cocina-moderna-a-medida-con-isla-de-marmol-rf82o6zqf5gafxyo91wwj9cgw5ugvo4x0pzjvbduow.jpg\" alt=\"Cocina-moderna-a-medida-con-isla-de-m\u00e1rmol\" src=\"data:image\/gif;base64,R0lGODlhAQABAAAAACH5BAEKAAEALAAAAAABAAEAAAICTAEAOw==\" style=\"--smush-placeholder-width: 400px; --smush-placeholder-aspect-ratio: 400\/400;\" \/><noscript><img decoding=\"async\" class=\"swiper-slide-image\" src=\"https:\/\/cocinasmarins.com\/wp-content\/uploads\/elementor\/thumbs\/Cocina-moderna-a-medida-con-isla-de-marmol-rf82o6zqf5gafxyo91wwj9cgw5ugvo4x0pzjvbduow.jpg\" alt=\"Cocina-moderna-a-medida-con-isla-de-m\u00e1rmol\" \/><\/noscript><\/figure><\/div><div class=\"swiper-slide\" role=\"group\" aria-roledescription=\"slide\" aria-label=\"9 de 18\"><figure class=\"swiper-slide-inner\"><img decoding=\"async\" class=\"swiper-slide-image lazyload\" data-src=\"https:\/\/cocinasmarins.com\/wp-content\/uploads\/elementor\/thumbs\/cocina-moderna-rf82o6zqf5gafxyo91wwj9cgw5ugvo4x0pzjvbduow.jpg\" alt=\"cocina-moderna\" src=\"data:image\/gif;base64,R0lGODlhAQABAAAAACH5BAEKAAEALAAAAAABAAEAAAICTAEAOw==\" style=\"--smush-placeholder-width: 400px; --smush-placeholder-aspect-ratio: 400\/400;\" \/><noscript><img decoding=\"async\" class=\"swiper-slide-image\" src=\"https:\/\/cocinasmarins.com\/wp-content\/uploads\/elementor\/thumbs\/cocina-moderna-rf82o6zqf5gafxyo91wwj9cgw5ugvo4x0pzjvbduow.jpg\" alt=\"cocina-moderna\" \/><\/noscript><\/figure><\/div><div class=\"swiper-slide\" role=\"group\" aria-roledescription=\"slide\" aria-label=\"10 de 18\"><figure class=\"swiper-slide-inner\"><img decoding=\"async\" class=\"swiper-slide-image lazyload\" data-src=\"https:\/\/cocinasmarins.com\/wp-content\/uploads\/elementor\/thumbs\/cocina-verde-con-isla-de-marmol-rf82o6zqf5gafxyo91wwj9cgw5ugvo4x0pzjvbduow.jpg\" alt=\"cocina-verde-con-isla-de-marmol\" src=\"data:image\/gif;base64,R0lGODlhAQABAAAAACH5BAEKAAEALAAAAAABAAEAAAICTAEAOw==\" style=\"--smush-placeholder-width: 400px; --smush-placeholder-aspect-ratio: 400\/400;\" \/><noscript><img decoding=\"async\" class=\"swiper-slide-image\" src=\"https:\/\/cocinasmarins.com\/wp-content\/uploads\/elementor\/thumbs\/cocina-verde-con-isla-de-marmol-rf82o6zqf5gafxyo91wwj9cgw5ugvo4x0pzjvbduow.jpg\" alt=\"cocina-verde-con-isla-de-marmol\" \/><\/noscript><\/figure><\/div><div class=\"swiper-slide\" role=\"group\" aria-roledescription=\"slide\" aria-label=\"11 de 18\"><figure class=\"swiper-slide-inner\"><img decoding=\"async\" class=\"swiper-slide-image lazyload\" data-src=\"https:\/\/cocinasmarins.com\/wp-content\/uploads\/elementor\/thumbs\/Cocina-abierta-a-medida-en-tonos-naturales-y-barra-central-rf82o6zqf5gafxyo91wwj9cgw5ugvo4x0pzjvbduow.jpg\" alt=\"Cocina-abierta-a-medida-en-tonos-naturales-y-barra-central\" src=\"data:image\/gif;base64,R0lGODlhAQABAAAAACH5BAEKAAEALAAAAAABAAEAAAICTAEAOw==\" style=\"--smush-placeholder-width: 400px; --smush-placeholder-aspect-ratio: 400\/400;\" \/><noscript><img decoding=\"async\" class=\"swiper-slide-image\" src=\"https:\/\/cocinasmarins.com\/wp-content\/uploads\/elementor\/thumbs\/Cocina-abierta-a-medida-en-tonos-naturales-y-barra-central-rf82o6zqf5gafxyo91wwj9cgw5ugvo4x0pzjvbduow.jpg\" alt=\"Cocina-abierta-a-medida-en-tonos-naturales-y-barra-central\" \/><\/noscript><\/figure><\/div><div class=\"swiper-slide\" role=\"group\" aria-roledescription=\"slide\" aria-label=\"12 de 18\"><figure class=\"swiper-slide-inner\"><img decoding=\"async\" class=\"swiper-slide-image lazyload\" data-src=\"https:\/\/cocinasmarins.com\/wp-content\/uploads\/elementor\/thumbs\/cocina-en-paralelo-rf82o6zqf5gafxyo91wwj9cgw5ugvo4x0pzjvbduow.jpg\" alt=\"cocina-en-paralelo\" src=\"data:image\/gif;base64,R0lGODlhAQABAAAAACH5BAEKAAEALAAAAAABAAEAAAICTAEAOw==\" style=\"--smush-placeholder-width: 400px; --smush-placeholder-aspect-ratio: 400\/400;\" \/><noscript><img decoding=\"async\" class=\"swiper-slide-image\" src=\"https:\/\/cocinasmarins.com\/wp-content\/uploads\/elementor\/thumbs\/cocina-en-paralelo-rf82o6zqf5gafxyo91wwj9cgw5ugvo4x0pzjvbduow.jpg\" alt=\"cocina-en-paralelo\" \/><\/noscript><\/figure><\/div><div class=\"swiper-slide\" role=\"group\" aria-roledescription=\"slide\" aria-label=\"13 de 18\"><figure class=\"swiper-slide-inner\"><img decoding=\"async\" class=\"swiper-slide-image lazyload\" data-src=\"https:\/\/cocinasmarins.com\/wp-content\/uploads\/elementor\/thumbs\/cocina-con-isla-rf82o6zqf5gafxyo91wwj9cgw5ugvo4x0pzjvbduow.jpg\" alt=\"cajon extraible blanco y negro\" src=\"data:image\/gif;base64,R0lGODlhAQABAAAAACH5BAEKAAEALAAAAAABAAEAAAICTAEAOw==\" style=\"--smush-placeholder-width: 400px; --smush-placeholder-aspect-ratio: 400\/400;\" \/><noscript><img decoding=\"async\" class=\"swiper-slide-image\" src=\"https:\/\/cocinasmarins.com\/wp-content\/uploads\/elementor\/thumbs\/cocina-con-isla-rf82o6zqf5gafxyo91wwj9cgw5ugvo4x0pzjvbduow.jpg\" alt=\"cajon extraible blanco y negro\" \/><\/noscript><\/figure><\/div><div class=\"swiper-slide\" role=\"group\" aria-roledescription=\"slide\" aria-label=\"14 de 18\"><figure class=\"swiper-slide-inner\"><img decoding=\"async\" class=\"swiper-slide-image lazyload\" data-src=\"https:\/\/cocinasmarins.com\/wp-content\/uploads\/elementor\/thumbs\/cocina-blanca-con-isla-rf82o6zqf5gafxyo91wwj9cgw5ugvo4x0pzjvbduow.jpg\" alt=\"cocina blanca con isla\" src=\"data:image\/gif;base64,R0lGODlhAQABAAAAACH5BAEKAAEALAAAAAABAAEAAAICTAEAOw==\" style=\"--smush-placeholder-width: 400px; --smush-placeholder-aspect-ratio: 400\/400;\" \/><noscript><img decoding=\"async\" class=\"swiper-slide-image\" src=\"https:\/\/cocinasmarins.com\/wp-content\/uploads\/elementor\/thumbs\/cocina-blanca-con-isla-rf82o6zqf5gafxyo91wwj9cgw5ugvo4x0pzjvbduow.jpg\" alt=\"cocina blanca con isla\" \/><\/noscript><\/figure><\/div><div class=\"swiper-slide\" role=\"group\" aria-roledescription=\"slide\" aria-label=\"15 de 18\"><figure class=\"swiper-slide-inner\"><img decoding=\"async\" class=\"swiper-slide-image lazyload\" data-src=\"https:\/\/cocinasmarins.com\/wp-content\/uploads\/elementor\/thumbs\/Cocina-con-isla-de-marmol-rf82o6zqf5gafxyo91wwj9cgw5ugvo4x0pzjvbduow.jpg\" alt=\": Cocina a medida con isla de m\u00e1rmol y dise\u00f1o minimalista\" src=\"data:image\/gif;base64,R0lGODlhAQABAAAAACH5BAEKAAEALAAAAAABAAEAAAICTAEAOw==\" style=\"--smush-placeholder-width: 400px; --smush-placeholder-aspect-ratio: 400\/400;\" \/><noscript><img decoding=\"async\" class=\"swiper-slide-image\" src=\"https:\/\/cocinasmarins.com\/wp-content\/uploads\/elementor\/thumbs\/Cocina-con-isla-de-marmol-rf82o6zqf5gafxyo91wwj9cgw5ugvo4x0pzjvbduow.jpg\" alt=\": Cocina a medida con isla de m\u00e1rmol y dise\u00f1o minimalista\" \/><\/noscript><\/figure><\/div><div class=\"swiper-slide\" role=\"group\" aria-roledescription=\"slide\" aria-label=\"16 de 18\"><figure class=\"swiper-slide-inner\"><img decoding=\"async\" class=\"swiper-slide-image lazyload\" data-src=\"https:\/\/cocinasmarins.com\/wp-content\/uploads\/elementor\/thumbs\/Cocina-elegante-y-funcional-en-tono-cashmere-rf82o6zqf5gafxyo91wwj9cgw5ugvo4x0pzjvbduow.jpg\" alt=\"Cocina-elegante-y-funcional-en-tono-cashmere\" src=\"data:image\/gif;base64,R0lGODlhAQABAAAAACH5BAEKAAEALAAAAAABAAEAAAICTAEAOw==\" style=\"--smush-placeholder-width: 400px; --smush-placeholder-aspect-ratio: 400\/400;\" \/><noscript><img decoding=\"async\" class=\"swiper-slide-image\" src=\"https:\/\/cocinasmarins.com\/wp-content\/uploads\/elementor\/thumbs\/Cocina-elegante-y-funcional-en-tono-cashmere-rf82o6zqf5gafxyo91wwj9cgw5ugvo4x0pzjvbduow.jpg\" alt=\"Cocina-elegante-y-funcional-en-tono-cashmere\" \/><\/noscript><\/figure><\/div><div class=\"swiper-slide\" role=\"group\" aria-roledescription=\"slide\" aria-label=\"17 de 18\"><figure class=\"swiper-slide-inner\"><img decoding=\"async\" class=\"swiper-slide-image lazyload\" data-src=\"https:\/\/cocinasmarins.com\/wp-content\/uploads\/elementor\/thumbs\/CocinasMarins_ShowroomSabadell_LoquenovesFotografias_03-rf82o6zqf5gafxyo91wwj9cgw5ugvo4x0pzjvbduow.jpg\" alt=\"Cocinas Marin&#039;s\" src=\"data:image\/gif;base64,R0lGODlhAQABAAAAACH5BAEKAAEALAAAAAABAAEAAAICTAEAOw==\" style=\"--smush-placeholder-width: 400px; --smush-placeholder-aspect-ratio: 400\/400;\" \/><noscript><img decoding=\"async\" class=\"swiper-slide-image\" src=\"https:\/\/cocinasmarins.com\/wp-content\/uploads\/elementor\/thumbs\/CocinasMarins_ShowroomSabadell_LoquenovesFotografias_03-rf82o6zqf5gafxyo91wwj9cgw5ugvo4x0pzjvbduow.jpg\" alt=\"Cocinas Marin&#039;s\" \/><\/noscript><\/figure><\/div><div class=\"swiper-slide\" role=\"group\" aria-roledescription=\"slide\" aria-label=\"18 de 18\"><figure class=\"swiper-slide-inner\"><img decoding=\"async\" class=\"swiper-slide-image lazyload\" data-src=\"https:\/\/cocinasmarins.com\/wp-content\/uploads\/elementor\/thumbs\/CocinasMarins_ShowroomSabadell_LoquenovesFotografias_04-rf82o6zqf5gafxyo91wwj9cgw5ugvo4x0pzjvbduow.jpg\" alt=\"Cocinas Marin&#039;s\" src=\"data:image\/gif;base64,R0lGODlhAQABAAAAACH5BAEKAAEALAAAAAABAAEAAAICTAEAOw==\" style=\"--smush-placeholder-width: 400px; --smush-placeholder-aspect-ratio: 400\/400;\" \/><noscript><img decoding=\"async\" class=\"swiper-slide-image\" src=\"https:\/\/cocinasmarins.com\/wp-content\/uploads\/elementor\/thumbs\/CocinasMarins_ShowroomSabadell_LoquenovesFotografias_04-rf82o6zqf5gafxyo91wwj9cgw5ugvo4x0pzjvbduow.jpg\" alt=\"Cocinas Marin&#039;s\" \/><\/noscript><\/figure><\/div>\t\t\t<\/div>\n\t\t\t\t\t\t\t\t\t\t\t\t<div class=\"elementor-swiper-button elementor-swiper-button-prev\" role=\"button\" tabindex=\"0\">\n\t\t\t\t\t\t<svg aria-hidden=\"true\" class=\"e-font-icon-svg e-eicon-chevron-left\" viewbox=\"0 0 1000 1000\" xmlns=\"http:\/\/www.w3.org\/2000\/svg\"><path d=\"M646 125C629 125 613 133 604 142L308 442C296 454 292 471 292 487 292 504 296 521 308 533L604 854C617 867 629 875 646 875 663 875 679 871 692 858 704 846 713 829 713 812 713 796 708 779 692 767L438 487 692 225C700 217 708 204 708 187 708 171 704 154 692 142 675 129 663 125 646 125Z\"><\/path><\/svg>\t\t\t\t\t<\/div>\n\t\t\t\t\t<div class=\"elementor-swiper-button elementor-swiper-button-next\" role=\"button\" tabindex=\"0\">\n\t\t\t\t\t\t<svg aria-hidden=\"true\" class=\"e-font-icon-svg e-eicon-chevron-right\" viewbox=\"0 0 1000 1000\" xmlns=\"http:\/\/www.w3.org\/2000\/svg\"><path d=\"M696 533C708 521 713 504 713 487 713 471 708 454 696 446L400 146C388 133 375 125 354 125 338 125 325 129 313 142 300 154 292 171 292 187 292 204 296 221 308 233L563 492 304 771C292 783 288 800 288 817 288 833 296 850 308 863 321 871 338 875 354 875 371 875 388 867 400 854L696 533Z\"><\/path><\/svg>\t\t\t\t\t<\/div>\n\t\t\t\t\n\t\t\t\t\t\t\t\t\t<\/div>\n\t\t\t\t\t\t<\/div>\n\t\t\t\t<\/div>\n\t\t\t\t<div class=\"elementor-element elementor-element-42f96ac elementor-mobile-align-center elementor-widget-mobile__width-initial elementor-widget elementor-widget-button\" data-id=\"42f96ac\" data-element_type=\"widget\" data-e-type=\"widget\" data-widget_type=\"button.default\">\n\t\t\t\t<div class=\"elementor-widget-container\">\n\t\t\t\t\t\t\t\t\t<div class=\"elementor-button-wrapper\">\n\t\t\t\t\t<a class=\"elementor-button elementor-button-link elementor-size-md elementor-animation-bob\" href=\"https:\/\/cocinasmarins.com\/en\/proyectos\/\">\n\t\t\t\t\t\t<span class=\"elementor-button-content-wrapper\">\n\t\t\t\t\t\t\t\t\t<span class=\"elementor-button-text\">Ver proyectos<\/span>\n\t\t\t\t\t<\/span>\n\t\t\t\t\t<\/a>\n\t\t\t\t<\/div>\n\t\t\t\t\t\t\t\t<\/div>\n\t\t\t\t<\/div>\n\t\t\t\t<\/div>\n\t\t\t\t\t<\/div>\n\t\t\t\t<\/div>\n\t\t\t\t<\/div>","protected":false},"excerpt":{"rendered":"<p>En 2025, el dise\u00f1o de cocinas se inclina hacia la utilizaci\u00f3n de materiales naturales y acabados texturizados, aportando calidez y sofisticaci\u00f3n a estos espacios. Las encimeras de m\u00e1rmol con acabado mate ofrecen una est\u00e9tica contempor\u00e1nea y elegante. Los frentes de armarios en madera recuperada reflejan un compromiso con la sostenibilidad y a\u00f1aden un car\u00e1cter \u00fanico.<\/p>","protected":false},"author":3,"featured_media":2840,"comment_status":"closed","ping_status":"open","sticky":false,"template":"","format":"standard","meta":{"footnotes":""},"categories":[20],"tags":[50,51,46,49,44,48,47,45,52],"class_list":["post-2833","post","type-post","status-publish","format-standard","has-post-thumbnail","hentry","category-noticias","tag-acabados-en-niquel-pulido","tag-accesorios-en-cobre","tag-cocinas-en-azul-marino","tag-detalles-en-laton","tag-diseno-de-cocinas-2025","tag-encimeras-negro-mate","tag-mobiliario-verde-bosque","tag-paletas-de-colores-audaces","tag-tendencias-de-diseno-de-cocinas-cocinas-modernas-y-elegantes"],"yoast_head":"<!-- This site is optimized with the Yoast SEO plugin v26.0 - https:\/\/yoast.com\/wordpress\/plugins\/seo\/ -->\n<title>Materiales Naturales y Acabados Texturizados en el Dise\u00f1o de Cocinas 2025 - Cocinas Mar\u00edns<\/title>\n<meta name=\"robots\" content=\"index, follow, max-snippet:-1, max-image-preview:large, max-video-preview:-1\" \/>\n<link rel=\"canonical\" href=\"https:\/\/cocinasmarins.com\/en\/materiales-naturales-y-acabados-texturizados-en-el-diseno-de-cocinas-2025\/\" \/>\n<meta property=\"og:locale\" content=\"en_GB\" \/>\n<meta property=\"og:type\" content=\"article\" \/>\n<meta property=\"og:title\" content=\"Materiales Naturales y Acabados Texturizados en el Dise\u00f1o de Cocinas 2025 - Cocinas Mar\u00edns\" \/>\n<meta property=\"og:description\" content=\"En 2025, el dise\u00f1o de cocinas se inclina hacia la utilizaci\u00f3n de materiales naturales y acabados texturizados, aportando calidez y sofisticaci\u00f3n a estos espacios. Las encimeras de m\u00e1rmol con acabado mate ofrecen una est\u00e9tica contempor\u00e1nea y elegante. Los frentes de armarios en madera recuperada reflejan un compromiso con la sostenibilidad y a\u00f1aden un car\u00e1cter \u00fanico.\" \/>\n<meta property=\"og:url\" content=\"https:\/\/cocinasmarins.com\/en\/materiales-naturales-y-acabados-texturizados-en-el-diseno-de-cocinas-2025\/\" \/>\n<meta property=\"og:site_name\" content=\"Cocinas Mar\u00edns\" \/>\n<meta property=\"article:published_time\" content=\"2025-02-05T12:45:25+00:00\" \/>\n<meta property=\"article:modified_time\" content=\"2025-02-28T11:34:48+00:00\" \/>\n<meta property=\"og:image\" content=\"https:\/\/cocinasmarins.com\/wp-content\/uploads\/2025\/01\/Encimeras-de-Marmol-con-Acabado-Mate.webp\" \/>\n\t<meta property=\"og:image:width\" content=\"1080\" \/>\n\t<meta property=\"og:image:height\" content=\"675\" \/>\n\t<meta property=\"og:image:type\" content=\"image\/webp\" \/>\n<meta name=\"author\" content=\"admin\" \/>\n<meta name=\"twitter:card\" content=\"summary_large_image\" \/>\n<meta name=\"twitter:label1\" content=\"Written by\" \/>\n\t<meta name=\"twitter:data1\" content=\"admin\" \/>\n\t<meta name=\"twitter:label2\" content=\"Estimated reading time\" \/>\n\t<meta name=\"twitter:data2\" content=\"3 minutes\" \/>\n<script type=\"application\/ld+json\" class=\"yoast-schema-graph\">{\"@context\":\"https:\/\/schema.org\",\"@graph\":[{\"@type\":\"Article\",\"@id\":\"https:\/\/cocinasmarins.com\/materiales-naturales-y-acabados-texturizados-en-el-diseno-de-cocinas-2025\/#article\",\"isPartOf\":{\"@id\":\"https:\/\/cocinasmarins.com\/materiales-naturales-y-acabados-texturizados-en-el-diseno-de-cocinas-2025\/\"},\"author\":{\"name\":\"admin\",\"@id\":\"https:\/\/cocinasmarins.com\/#\/schema\/person\/9b45207102901a46f2cc6c84fad59e84\"},\"headline\":\"Materiales Naturales y Acabados Texturizados en el Dise\u00f1o de Cocinas 2025\",\"datePublished\":\"2025-02-05T12:45:25+00:00\",\"dateModified\":\"2025-02-28T11:34:48+00:00\",\"mainEntityOfPage\":{\"@id\":\"https:\/\/cocinasmarins.com\/materiales-naturales-y-acabados-texturizados-en-el-diseno-de-cocinas-2025\/\"},\"wordCount\":515,\"publisher\":{\"@id\":\"https:\/\/cocinasmarins.com\/#organization\"},\"image\":{\"@id\":\"https:\/\/cocinasmarins.com\/materiales-naturales-y-acabados-texturizados-en-el-diseno-de-cocinas-2025\/#primaryimage\"},\"thumbnailUrl\":\"https:\/\/cocinasmarins.com\/wp-content\/uploads\/2025\/01\/Encimeras-de-Marmol-con-Acabado-Mate.webp\",\"keywords\":[\"Acabados en n\u00edquel pulido\",\"Accesorios en cobre\",\"Cocinas en azul marino\",\"Detalles en lat\u00f3n\",\"Dise\u00f1o de cocinas 2025\",\"Encimeras negro mate\",\"Mobiliario verde bosque\",\"Paletas de colores audaces\",\"Tendencias de dise\u00f1o de cocinas Cocinas modernas y elegantes\"],\"articleSection\":[\"Noticias\"],\"inLanguage\":\"en-GB\"},{\"@type\":\"WebPage\",\"@id\":\"https:\/\/cocinasmarins.com\/materiales-naturales-y-acabados-texturizados-en-el-diseno-de-cocinas-2025\/\",\"url\":\"https:\/\/cocinasmarins.com\/materiales-naturales-y-acabados-texturizados-en-el-diseno-de-cocinas-2025\/\",\"name\":\"Materiales Naturales y Acabados Texturizados en el Dise\u00f1o de Cocinas 2025 - Cocinas Mar\u00edns\",\"isPartOf\":{\"@id\":\"https:\/\/cocinasmarins.com\/#website\"},\"primaryImageOfPage\":{\"@id\":\"https:\/\/cocinasmarins.com\/materiales-naturales-y-acabados-texturizados-en-el-diseno-de-cocinas-2025\/#primaryimage\"},\"image\":{\"@id\":\"https:\/\/cocinasmarins.com\/materiales-naturales-y-acabados-texturizados-en-el-diseno-de-cocinas-2025\/#primaryimage\"},\"thumbnailUrl\":\"https:\/\/cocinasmarins.com\/wp-content\/uploads\/2025\/01\/Encimeras-de-Marmol-con-Acabado-Mate.webp\",\"datePublished\":\"2025-02-05T12:45:25+00:00\",\"dateModified\":\"2025-02-28T11:34:48+00:00\",\"breadcrumb\":{\"@id\":\"https:\/\/cocinasmarins.com\/materiales-naturales-y-acabados-texturizados-en-el-diseno-de-cocinas-2025\/#breadcrumb\"},\"inLanguage\":\"en-GB\",\"potentialAction\":[{\"@type\":\"ReadAction\",\"target\":[\"https:\/\/cocinasmarins.com\/materiales-naturales-y-acabados-texturizados-en-el-diseno-de-cocinas-2025\/\"]}]},{\"@type\":\"ImageObject\",\"inLanguage\":\"en-GB\",\"@id\":\"https:\/\/cocinasmarins.com\/materiales-naturales-y-acabados-texturizados-en-el-diseno-de-cocinas-2025\/#primaryimage\",\"url\":\"https:\/\/cocinasmarins.com\/wp-content\/uploads\/2025\/01\/Encimeras-de-Marmol-con-Acabado-Mate.webp\",\"contentUrl\":\"https:\/\/cocinasmarins.com\/wp-content\/uploads\/2025\/01\/Encimeras-de-Marmol-con-Acabado-Mate.webp\",\"width\":1080,\"height\":675,\"caption\":\"El m\u00e1rmol mate redefine la elegancia en espacios culinarios modernos\"},{\"@type\":\"BreadcrumbList\",\"@id\":\"https:\/\/cocinasmarins.com\/materiales-naturales-y-acabados-texturizados-en-el-diseno-de-cocinas-2025\/#breadcrumb\",\"itemListElement\":[{\"@type\":\"ListItem\",\"position\":1,\"name\":\"Portada\",\"item\":\"https:\/\/cocinasmarins.com\/\"},{\"@type\":\"ListItem\",\"position\":2,\"name\":\"Materiales Naturales y Acabados Texturizados en el Dise\u00f1o de Cocinas 2025\"}]},{\"@type\":\"WebSite\",\"@id\":\"https:\/\/cocinasmarins.com\/#website\",\"url\":\"https:\/\/cocinasmarins.com\/\",\"name\":\"Cocinas Mar\u00edns\",\"description\":\"F\u00e1brica de mobiliario de cocinas a medida\",\"publisher\":{\"@id\":\"https:\/\/cocinasmarins.com\/#organization\"},\"potentialAction\":[{\"@type\":\"SearchAction\",\"target\":{\"@type\":\"EntryPoint\",\"urlTemplate\":\"https:\/\/cocinasmarins.com\/?s={search_term_string}\"},\"query-input\":{\"@type\":\"PropertyValueSpecification\",\"valueRequired\":true,\"valueName\":\"search_term_string\"}}],\"inLanguage\":\"en-GB\"},{\"@type\":\"Organization\",\"@id\":\"https:\/\/cocinasmarins.com\/#organization\",\"name\":\"Cocinas Mar\u00edns\",\"url\":\"https:\/\/cocinasmarins.com\/\",\"logo\":{\"@type\":\"ImageObject\",\"inLanguage\":\"en-GB\",\"@id\":\"https:\/\/cocinasmarins.com\/#\/schema\/logo\/image\/\",\"url\":\"https:\/\/cocinasmarins.com\/wp-content\/uploads\/2023\/02\/web-transparente.png\",\"contentUrl\":\"https:\/\/cocinasmarins.com\/wp-content\/uploads\/2023\/02\/web-transparente.png\",\"width\":450,\"height\":270,\"caption\":\"Cocinas Mar\u00edns\"},\"image\":{\"@id\":\"https:\/\/cocinasmarins.com\/#\/schema\/logo\/image\/\"}},{\"@type\":\"Person\",\"@id\":\"https:\/\/cocinasmarins.com\/#\/schema\/person\/9b45207102901a46f2cc6c84fad59e84\",\"name\":\"admin\",\"image\":{\"@type\":\"ImageObject\",\"inLanguage\":\"en-GB\",\"@id\":\"https:\/\/cocinasmarins.com\/#\/schema\/person\/image\/\",\"url\":\"https:\/\/secure.gravatar.com\/avatar\/8b0f71aede74be0cf005bbc42a0be6bd6096770f71fd188364269d7e0b893520?s=96&d=mm&r=g\",\"contentUrl\":\"https:\/\/secure.gravatar.com\/avatar\/8b0f71aede74be0cf005bbc42a0be6bd6096770f71fd188364269d7e0b893520?s=96&d=mm&r=g\",\"caption\":\"admin\"},\"sameAs\":[\"https:\/\/cocinasmarins.com\"],\"url\":\"https:\/\/cocinasmarins.com\/en\/author\/admin\/\"}]}<\/script>\n<!-- \/ Yoast SEO plugin. -->","yoast_head_json":{"title":"Materiales Naturales y Acabados Texturizados en el Dise\u00f1o de Cocinas 2025 - Cocinas Mar\u00edns","robots":{"index":"index","follow":"follow","max-snippet":"max-snippet:-1","max-image-preview":"max-image-preview:large","max-video-preview":"max-video-preview:-1"},"canonical":"https:\/\/cocinasmarins.com\/en\/materiales-naturales-y-acabados-texturizados-en-el-diseno-de-cocinas-2025\/","og_locale":"en_GB","og_type":"article","og_title":"Materiales Naturales y Acabados Texturizados en el Dise\u00f1o de Cocinas 2025 - Cocinas Mar\u00edns","og_description":"En 2025, el dise\u00f1o de cocinas se inclina hacia la utilizaci\u00f3n de materiales naturales y acabados texturizados, aportando calidez y sofisticaci\u00f3n a estos espacios. Las encimeras de m\u00e1rmol con acabado mate ofrecen una est\u00e9tica contempor\u00e1nea y elegante. Los frentes de armarios en madera recuperada reflejan un compromiso con la sostenibilidad y a\u00f1aden un car\u00e1cter \u00fanico.","og_url":"https:\/\/cocinasmarins.com\/en\/materiales-naturales-y-acabados-texturizados-en-el-diseno-de-cocinas-2025\/","og_site_name":"Cocinas Mar\u00edns","article_published_time":"2025-02-05T12:45:25+00:00","article_modified_time":"2025-02-28T11:34:48+00:00","og_image":[{"width":1080,"height":675,"url":"https:\/\/cocinasmarins.com\/wp-content\/uploads\/2025\/01\/Encimeras-de-Marmol-con-Acabado-Mate.webp","type":"image\/webp"}],"author":"admin","twitter_card":"summary_large_image","twitter_misc":{"Written by":"admin","Estimated reading time":"3 minutes"},"schema":{"@context":"https:\/\/schema.org","@graph":[{"@type":"Article","@id":"https:\/\/cocinasmarins.com\/materiales-naturales-y-acabados-texturizados-en-el-diseno-de-cocinas-2025\/#article","isPartOf":{"@id":"https:\/\/cocinasmarins.com\/materiales-naturales-y-acabados-texturizados-en-el-diseno-de-cocinas-2025\/"},"author":{"name":"admin","@id":"https:\/\/cocinasmarins.com\/#\/schema\/person\/9b45207102901a46f2cc6c84fad59e84"},"headline":"Materiales Naturales y Acabados Texturizados en el Dise\u00f1o de Cocinas 2025","datePublished":"2025-02-05T12:45:25+00:00","dateModified":"2025-02-28T11:34:48+00:00","mainEntityOfPage":{"@id":"https:\/\/cocinasmarins.com\/materiales-naturales-y-acabados-texturizados-en-el-diseno-de-cocinas-2025\/"},"wordCount":515,"publisher":{"@id":"https:\/\/cocinasmarins.com\/#organization"},"image":{"@id":"https:\/\/cocinasmarins.com\/materiales-naturales-y-acabados-texturizados-en-el-diseno-de-cocinas-2025\/#primaryimage"},"thumbnailUrl":"https:\/\/cocinasmarins.com\/wp-content\/uploads\/2025\/01\/Encimeras-de-Marmol-con-Acabado-Mate.webp","keywords":["Acabados en n\u00edquel pulido","Accesorios en cobre","Cocinas en azul marino","Detalles en lat\u00f3n","Dise\u00f1o de cocinas 2025","Encimeras negro mate","Mobiliario verde bosque","Paletas de colores audaces","Tendencias de dise\u00f1o de cocinas Cocinas modernas y elegantes"],"articleSection":["Noticias"],"inLanguage":"en-GB"},{"@type":"WebPage","@id":"https:\/\/cocinasmarins.com\/materiales-naturales-y-acabados-texturizados-en-el-diseno-de-cocinas-2025\/","url":"https:\/\/cocinasmarins.com\/materiales-naturales-y-acabados-texturizados-en-el-diseno-de-cocinas-2025\/","name":"Materiales Naturales y Acabados Texturizados en el Dise\u00f1o de Cocinas 2025 - Cocinas Mar\u00edns","isPartOf":{"@id":"https:\/\/cocinasmarins.com\/#website"},"primaryImageOfPage":{"@id":"https:\/\/cocinasmarins.com\/materiales-naturales-y-acabados-texturizados-en-el-diseno-de-cocinas-2025\/#primaryimage"},"image":{"@id":"https:\/\/cocinasmarins.com\/materiales-naturales-y-acabados-texturizados-en-el-diseno-de-cocinas-2025\/#primaryimage"},"thumbnailUrl":"https:\/\/cocinasmarins.com\/wp-content\/uploads\/2025\/01\/Encimeras-de-Marmol-con-Acabado-Mate.webp","datePublished":"2025-02-05T12:45:25+00:00","dateModified":"2025-02-28T11:34:48+00:00","breadcrumb":{"@id":"https:\/\/cocinasmarins.com\/materiales-naturales-y-acabados-texturizados-en-el-diseno-de-cocinas-2025\/#breadcrumb"},"inLanguage":"en-GB","potentialAction":[{"@type":"ReadAction","target":["https:\/\/cocinasmarins.com\/materiales-naturales-y-acabados-texturizados-en-el-diseno-de-cocinas-2025\/"]}]},{"@type":"ImageObject","inLanguage":"en-GB","@id":"https:\/\/cocinasmarins.com\/materiales-naturales-y-acabados-texturizados-en-el-diseno-de-cocinas-2025\/#primaryimage","url":"https:\/\/cocinasmarins.com\/wp-content\/uploads\/2025\/01\/Encimeras-de-Marmol-con-Acabado-Mate.webp","contentUrl":"https:\/\/cocinasmarins.com\/wp-content\/uploads\/2025\/01\/Encimeras-de-Marmol-con-Acabado-Mate.webp","width":1080,"height":675,"caption":"El m\u00e1rmol mate redefine la elegancia en espacios culinarios modernos"},{"@type":"BreadcrumbList","@id":"https:\/\/cocinasmarins.com\/materiales-naturales-y-acabados-texturizados-en-el-diseno-de-cocinas-2025\/#breadcrumb","itemListElement":[{"@type":"ListItem","position":1,"name":"Portada","item":"https:\/\/cocinasmarins.com\/"},{"@type":"ListItem","position":2,"name":"Materiales Naturales y Acabados Texturizados en el Dise\u00f1o de Cocinas 2025"}]},{"@type":"WebSite","@id":"https:\/\/cocinasmarins.com\/#website","url":"https:\/\/cocinasmarins.com\/","name":"Cocinas Mar\u00edns","description":"F\u00e1brica de mobiliario de cocinas a medida","publisher":{"@id":"https:\/\/cocinasmarins.com\/#organization"},"potentialAction":[{"@type":"SearchAction","target":{"@type":"EntryPoint","urlTemplate":"https:\/\/cocinasmarins.com\/?s={search_term_string}"},"query-input":{"@type":"PropertyValueSpecification","valueRequired":true,"valueName":"search_term_string"}}],"inLanguage":"en-GB"},{"@type":"Organization","@id":"https:\/\/cocinasmarins.com\/#organization","name":"Cocinas Mar\u00edns","url":"https:\/\/cocinasmarins.com\/","logo":{"@type":"ImageObject","inLanguage":"en-GB","@id":"https:\/\/cocinasmarins.com\/#\/schema\/logo\/image\/","url":"https:\/\/cocinasmarins.com\/wp-content\/uploads\/2023\/02\/web-transparente.png","contentUrl":"https:\/\/cocinasmarins.com\/wp-content\/uploads\/2023\/02\/web-transparente.png","width":450,"height":270,"caption":"Cocinas Mar\u00edns"},"image":{"@id":"https:\/\/cocinasmarins.com\/#\/schema\/logo\/image\/"}},{"@type":"Person","@id":"https:\/\/cocinasmarins.com\/#\/schema\/person\/9b45207102901a46f2cc6c84fad59e84","name":"admin","image":{"@type":"ImageObject","inLanguage":"en-GB","@id":"https:\/\/cocinasmarins.com\/#\/schema\/person\/image\/","url":"https:\/\/secure.gravatar.com\/avatar\/8b0f71aede74be0cf005bbc42a0be6bd6096770f71fd188364269d7e0b893520?s=96&d=mm&r=g","contentUrl":"https:\/\/secure.gravatar.com\/avatar\/8b0f71aede74be0cf005bbc42a0be6bd6096770f71fd188364269d7e0b893520?s=96&d=mm&r=g","caption":"admin"},"sameAs":["https:\/\/cocinasmarins.com"],"url":"https:\/\/cocinasmarins.com\/en\/author\/admin\/"}]}},"rttpg_featured_image_url":{"full":["https:\/\/cocinasmarins.com\/wp-content\/uploads\/2025\/01\/Encimeras-de-Marmol-con-Acabado-Mate.webp",1080,675,false],"landscape":["https:\/\/cocinasmarins.com\/wp-content\/uploads\/2025\/01\/Encimeras-de-Marmol-con-Acabado-Mate.webp",1080,675,false],"portraits":["https:\/\/cocinasmarins.com\/wp-content\/uploads\/2025\/01\/Encimeras-de-Marmol-con-Acabado-Mate.webp",1080,675,false],"thumbnail":["https:\/\/cocinasmarins.com\/wp-content\/uploads\/2025\/01\/Encimeras-de-Marmol-con-Acabado-Mate-150x150.webp",150,150,true],"medium":["https:\/\/cocinasmarins.com\/wp-content\/uploads\/2025\/01\/Encimeras-de-Marmol-con-Acabado-Mate-300x188.webp",300,188,true],"large":["https:\/\/cocinasmarins.com\/wp-content\/uploads\/2025\/01\/Encimeras-de-Marmol-con-Acabado-Mate-1024x640.webp",800,500,true],"1536x1536":["https:\/\/cocinasmarins.com\/wp-content\/uploads\/2025\/01\/Encimeras-de-Marmol-con-Acabado-Mate.webp",1080,675,false],"2048x2048":["https:\/\/cocinasmarins.com\/wp-content\/uploads\/2025\/01\/Encimeras-de-Marmol-con-Acabado-Mate.webp",1080,675,false],"trp-custom-language-flag":["https:\/\/cocinasmarins.com\/wp-content\/uploads\/2025\/01\/Encimeras-de-Marmol-con-Acabado-Mate-18x12.webp",18,12,true]},"rttpg_author":{"display_name":"admin","author_link":"https:\/\/cocinasmarins.com\/en\/author\/admin\/"},"rttpg_comment":3,"rttpg_category":"<a href=\"https:\/\/cocinasmarins.com\/en\/category\/noticias\/\" rel=\"category tag\">Noticias<\/a>","rttpg_excerpt":"En 2025, el dise\u00f1o de cocinas se inclina hacia la utilizaci\u00f3n de materiales naturales y acabados texturizados, aportando calidez y sofisticaci\u00f3n a estos espacios. Las encimeras de m\u00e1rmol con acabado mate ofrecen una est\u00e9tica contempor\u00e1nea y elegante. Los frentes de armarios en madera recuperada reflejan un compromiso con la sostenibilidad y a\u00f1aden un car\u00e1cter \u00fanico.","_links":{"self":[{"href":"https:\/\/cocinasmarins.com\/en\/wp-json\/wp\/v2\/posts\/2833","targetHints":{"allow":["GET"]}}],"collection":[{"href":"https:\/\/cocinasmarins.com\/en\/wp-json\/wp\/v2\/posts"}],"about":[{"href":"https:\/\/cocinasmarins.com\/en\/wp-json\/wp\/v2\/types\/post"}],"author":[{"embeddable":true,"href":"https:\/\/cocinasmarins.com\/en\/wp-json\/wp\/v2\/users\/3"}],"replies":[{"embeddable":true,"href":"https:\/\/cocinasmarins.com\/en\/wp-json\/wp\/v2\/comments?post=2833"}],"version-history":[{"count":21,"href":"https:\/\/cocinasmarins.com\/en\/wp-json\/wp\/v2\/posts\/2833\/revisions"}],"predecessor-version":[{"id":2953,"href":"https:\/\/cocinasmarins.com\/en\/wp-json\/wp\/v2\/posts\/2833\/revisions\/2953"}],"wp:featuredmedia":[{"embeddable":true,"href":"https:\/\/cocinasmarins.com\/en\/wp-json\/wp\/v2\/media\/2840"}],"wp:attachment":[{"href":"https:\/\/cocinasmarins.com\/en\/wp-json\/wp\/v2\/media?parent=2833"}],"wp:term":[{"taxonomy":"category","embeddable":true,"href":"https:\/\/cocinasmarins.com\/en\/wp-json\/wp\/v2\/categories?post=2833"},{"taxonomy":"post_tag","embeddable":true,"href":"https:\/\/cocinasmarins.com\/en\/wp-json\/wp\/v2\/tags?post=2833"}],"curies":[{"name":"wp","href":"https:\/\/api.w.org\/{rel}","templated":true}]}}